{"id":84765,"date":"2020-05-08T15:13:23","date_gmt":"2020-05-08T19:13:23","guid":{"rendered":"https:\/\/linitiative.ca\/International\/international-real-madrid-un-flop-pourrait-rebondir-au-betis-seville\/"},"modified":"2020-05-08T15:13:23","modified_gmt":"2020-05-08T19:13:23","slug":"international-real-madrid-un-flop-pourrait-rebondir-au-betis-seville","status":"publish","type":"post","link":"https:\/\/linitiative.ca\/International\/international-real-madrid-un-flop-pourrait-rebondir-au-betis-seville\/","title":{"rendered":"International : Real Madrid : Un flop pourrait rebondir au Betis Seville"},"content":{"rendered":"<div readability=\"32\">\n<p>Auteur : <span class=\"time\">vendredi 08 mai 2020 18:30<\/span><\/p>\n<\/div>\n<div id=\"post_core\" readability=\"46\">\n<p>A la recherche d\u2019un milieu offensif, le club andalou aurait coch\u00e9 le nom de Brahim Diaz. Selon Les-Transferts, l\u2019entourage du joueur aurait d\u00e9j\u00e0 \u00e9t\u00e9 approch\u00e9 par les dirigeants du Betis. Arriv\u00e9 en janvier 2019 en provenance de Manchester City pour 17 millions d\u2019euros, le jeune espagnol ne s\u2019est jamais impos\u00e9 sous le maillot des Merengues. Des discussions pourraient rapidement \u00eatre entam\u00e9es entre les deux clubs d\u00e9terminer une \u00e9ventuelle indemnit\u00e9 de transfert.<\/p>\n<p>Sous contrat jusqu\u2019en juin 2025, l\u2019international Espoirs ib\u00e9rique devrait disposer d\u2019un bon de sortie. N\u00e9anmoins, le club de la Casa Blanca pourrait \u00eatre tent\u00e9 d\u2019inclure une clause de rachat.<\/p>\n<p><strong>Publi\u00e9 dans :<\/strong> <span>Real<\/span> <span>Brahim Diaz<\/span> <span>Betis Saville<\/span><\/p>\n<\/div>\n<p>Auteur:<br \/>\n<a href=\"http:\/\/www.lebuteur.com\/article\/detail?titre=real-madrid-un-flop-pourrait-rebondir-au-betis-seville&#038;id=95871&#038;utm_source=feedburner&#038;utm_medium=feed&#038;utm_campaign=Feed%3A+GalerieFArtciles+%28Les+derniers+articles++-+lebuteur.com%29\">Cliquez ici pour lire l&rsquo;article depuis sa source.<\/a><\/p>\n","protected":false},"excerpt":{"rendered":"<p>Auteur : vendredi 08 mai 2020 18:30 A la recherche d\u2019un milieu offensif, le club andalou aurait coch\u00e9 le nom de Brahim Diaz. Selon Les-Transferts, l\u2019entourage du joueur aurait d\u00e9j\u00e0 \u00e9t\u00e9 approch\u00e9 par les dirigeants du Betis. Arriv\u00e9 en janvier 2019 en provenance de Manchester City pour 17 millions d\u2019euros, le jeune espagnol ne s\u2019est [&hellip;]<\/p>\n","protected":false},"author":1738,"featured_media":84766,"comment_status":"closed","ping_status":"closed","sticky":false,"template":"","format":"standard","meta":{"fifu_image_url":"","fifu_image_alt":"","footnotes":""},"categories":[53,75],"tags":[],"class_list":["post-84765","post","type-post","status-publish","format-standard","has-post-thumbnail","hentry","category-algerie","category-sport"],"_links":{"self":[{"href":"https:\/\/linitiative.ca\/International\/wp-json\/wp\/v2\/posts\/84765","targetHints":{"allow":["GET"]}}],"collection":[{"href":"https:\/\/linitiative.ca\/International\/wp-json\/wp\/v2\/posts"}],"about":[{"href":"https:\/\/linitiative.ca\/International\/wp-json\/wp\/v2\/types\/post"}],"author":[{"embeddable":true,"href":"https:\/\/linitiative.ca\/International\/wp-json\/wp\/v2\/users\/1738"}],"replies":[{"embeddable":true,"href":"https:\/\/linitiative.ca\/International\/wp-json\/wp\/v2\/comments?post=84765"}],"version-history":[{"count":0,"href":"https:\/\/linitiative.ca\/International\/wp-json\/wp\/v2\/posts\/84765\/revisions"}],"wp:featuredmedia":[{"embeddable":true,"href":"https:\/\/linitiative.ca\/International\/wp-json\/"}],"wp:attachment":[{"href":"https:\/\/linitiative.ca\/International\/wp-json\/wp\/v2\/media?parent=84765"}],"wp:term":[{"taxonomy":"category","embeddable":true,"href":"https:\/\/linitiative.ca\/International\/wp-json\/wp\/v2\/categories?post=84765"},{"taxonomy":"post_tag","embeddable":true,"href":"https:\/\/linitiative.ca\/International\/wp-json\/wp\/v2\/tags?post=84765"}],"curies":[{"name":"wp","href":"https:\/\/api.w.org\/{rel}","templated":true}]}}