{"id":84767,"date":"2020-05-08T15:18:10","date_gmt":"2020-05-08T19:18:10","guid":{"rendered":"https:\/\/linitiative.ca\/International\/usa-lepidemie-de-coronavirus-a-new-york-a-pour-origine-leurope\/"},"modified":"2020-05-08T15:18:10","modified_gmt":"2020-05-08T19:18:10","slug":"usa-lepidemie-de-coronavirus-a-new-york-a-pour-origine-leurope","status":"publish","type":"post","link":"https:\/\/linitiative.ca\/International\/usa-lepidemie-de-coronavirus-a-new-york-a-pour-origine-leurope\/","title":{"rendered":"USA : L\u2019\u00e9pid\u00e9mie de coronavirus \u00e0 New York a pour origine l\u2019Europe"},"content":{"rendered":"<p>Alors que les regards \u00e9taient braqu\u00e9s au d\u00e9but de l\u2019ann\u00e9e sur la Chine, \u00e9picentre de la pand\u00e9mie du Covid-19, le virus s\u2019\u00e9tait d\u00e9j\u00e0 install\u00e9 en Europe, d\u2019o\u00f9 des millions de touristes l\u2019ont ramen\u00e9 durant les mois de f\u00e9vrier et mars \u00e0 New York, selon son gouverneur Andrew Cuomo. \u00abNous n\u2019avions aucune id\u00e9e que le virus nous arrivait par les vols en provenance de l\u2019Europe\u00bb, a d\u00e9clar\u00e9 le gouverneur de l\u2019Etat de New York, lors de son point de presse quotidien, pr\u00e9cisant qu\u2019entre f\u00e9vrier et mars quelque deux millions de passagers sont arriv\u00e9s dans la Grosse Pomme \u00e0 partir du Vieux Continent.<br \/>\u00abPersonne ne savait, personne ne nous a averti et personne n\u2019a stopp\u00e9 cela\u00bb, s\u2019est r\u00e9volt\u00e9 M. Cuomo, qui expliquait pourquoi la ville et l\u2019Etat de New York sont devenus l\u2019\u00e9picentre de la pand\u00e9mie aux Etats-Unis, avec plus de 320.000 cas confirm\u00e9s et un bilan de pr\u00e8s de 20.000 morts.<\/p>\n<p>Auteur: elmoudjahid<br \/>\n<a href=\"http:\/\/www.elmoudjahid.com\/fr\/actualites\/152972\">Cliquez ici pour lire l&rsquo;article depuis sa source.<\/a><\/p>\n","protected":false},"excerpt":{"rendered":"<p>Alors que les regards \u00e9taient braqu\u00e9s au d\u00e9but de l\u2019ann\u00e9e sur la Chine, \u00e9picentre de la pand\u00e9mie du Covid-19, le virus s\u2019\u00e9tait d\u00e9j\u00e0 install\u00e9 en Europe, d\u2019o\u00f9 des millions de touristes l\u2019ont ramen\u00e9 durant les mois de f\u00e9vrier et mars \u00e0 New York, selon son gouverneur Andrew Cuomo. \u00abNous n\u2019avions aucune id\u00e9e que le virus [&hellip;]<\/p>\n","protected":false},"author":1744,"featured_media":0,"comment_status":"closed","ping_status":"closed","sticky":false,"template":"","format":"standard","meta":{"fifu_image_url":"","fifu_image_alt":"","footnotes":""},"categories":[73,53],"tags":[],"class_list":["post-84767","post","type-post","status-publish","format-standard","hentry","category-actualite","category-algerie"],"_links":{"self":[{"href":"https:\/\/linitiative.ca\/International\/wp-json\/wp\/v2\/posts\/84767","targetHints":{"allow":["GET"]}}],"collection":[{"href":"https:\/\/linitiative.ca\/International\/wp-json\/wp\/v2\/posts"}],"about":[{"href":"https:\/\/linitiative.ca\/International\/wp-json\/wp\/v2\/types\/post"}],"author":[{"embeddable":true,"href":"https:\/\/linitiative.ca\/International\/wp-json\/wp\/v2\/users\/1744"}],"replies":[{"embeddable":true,"href":"https:\/\/linitiative.ca\/International\/wp-json\/wp\/v2\/comments?post=84767"}],"version-history":[{"count":0,"href":"https:\/\/linitiative.ca\/International\/wp-json\/wp\/v2\/posts\/84767\/revisions"}],"wp:attachment":[{"href":"https:\/\/linitiative.ca\/International\/wp-json\/wp\/v2\/media?parent=84767"}],"wp:term":[{"taxonomy":"category","embeddable":true,"href":"https:\/\/linitiative.ca\/International\/wp-json\/wp\/v2\/categories?post=84767"},{"taxonomy":"post_tag","embeddable":true,"href":"https:\/\/linitiative.ca\/International\/wp-json\/wp\/v2\/tags?post=84767"}],"curies":[{"name":"wp","href":"https:\/\/api.w.org\/{rel}","templated":true}]}}