{"id":84770,"date":"2020-05-08T15:18:18","date_gmt":"2020-05-08T19:18:18","guid":{"rendered":"https:\/\/linitiative.ca\/International\/france-des-premiers-cas-de-contamination-identifies-le-16-novembre\/"},"modified":"2020-05-08T15:18:18","modified_gmt":"2020-05-08T19:18:18","slug":"france-des-premiers-cas-de-contamination-identifies-le-16-novembre","status":"publish","type":"post","link":"https:\/\/linitiative.ca\/International\/france-des-premiers-cas-de-contamination-identifies-le-16-novembre\/","title":{"rendered":"France  : Des premiers cas de contamination identifi\u00e9s le 16 novembre"},"content":{"rendered":"<p>Alors que le premier cas de contamination au COVID-19 en France remontait jusqu&rsquo;ici \u00e0 d\u00e9cembre 2019, l&rsquo;h\u00f4pital Albert Schweitzer de Colmar, situ\u00e9 dans la r\u00e9gion tr\u00e8s touch\u00e9e du Haut-Rhin, a identifi\u00e9 un premier cas le 16 novembre, dans un communiqu\u00e9 publi\u00e9 jeudi.\u00a0\u00a0<br \/>\u00abDepuis quelques jours, le Dr Schmitt r\u00e9alise une \u00e9tude r\u00e9trospective sur 2.456 scanners thoraciques r\u00e9alis\u00e9s entre le 1er novembre et le 30 avril. Tous les clich\u00e9s sont analys\u00e9s, tous motifs confondus : pathologies cardiaques, pulmonaires, traumatiques, tumorales. Les dossiers retenus \u00abcompatibles COVID\u00bb ou \u00abtypiques COVID\u00bb ont \u00e9t\u00e9 revus en deuxi\u00e8me puis en troisi\u00e8me lecture par deux autres radiologues exp\u00e9riment\u00e9s\u00bb, a indiqu\u00e9 l&rsquo;h\u00f4pital.\u00a0\u00a0<br \/>Les r\u00e9sultats de l&rsquo;\u00e9tude r\u00e9v\u00e8lent que les premiers cas not\u00e9s dans le centre hospitalier remontent au 16 novembre avec une progression tr\u00e8s lente de l&rsquo;incidence de la pathologie jusqu&rsquo;\u00e0 la fin f\u00e9vrier, suivie d&rsquo;une augmentation rapide de l&rsquo;incidence avec un pic le 31 mars. \u00abLa d\u00e9croissance doit faire l&rsquo;objet d&rsquo;une \u00e9tude plus approfondie\u00bb, a indiqu\u00e9 l&rsquo;h\u00f4pital pr\u00e9cisant qu&rsquo;une collaboration a \u00e9t\u00e9 lanc\u00e9e avec le CNRS \u00abpour entamer une exploitation \u00e9pid\u00e9miologique des r\u00e9sultats.\u00bb<\/p>\n<p>Auteur: elmoudjahid<br \/>\n<a href=\"http:\/\/www.elmoudjahid.com\/fr\/actualites\/152975\">Cliquez ici pour lire l&rsquo;article depuis sa source.<\/a><\/p>\n","protected":false},"excerpt":{"rendered":"<p>Alors que le premier cas de contamination au COVID-19 en France remontait jusqu&rsquo;ici \u00e0 d\u00e9cembre 2019, l&rsquo;h\u00f4pital Albert Schweitzer de Colmar, situ\u00e9 dans la r\u00e9gion tr\u00e8s touch\u00e9e du Haut-Rhin, a identifi\u00e9 un premier cas le 16 novembre, dans un communiqu\u00e9 publi\u00e9 jeudi.\u00a0\u00a0\u00abDepuis quelques jours, le Dr Schmitt r\u00e9alise une \u00e9tude r\u00e9trospective sur 2.456 scanners thoraciques [&hellip;]<\/p>\n","protected":false},"author":1744,"featured_media":0,"comment_status":"closed","ping_status":"closed","sticky":false,"template":"","format":"standard","meta":{"fifu_image_url":"","fifu_image_alt":"","footnotes":""},"categories":[73,53],"tags":[],"class_list":["post-84770","post","type-post","status-publish","format-standard","hentry","category-actualite","category-algerie"],"_links":{"self":[{"href":"https:\/\/linitiative.ca\/International\/wp-json\/wp\/v2\/posts\/84770","targetHints":{"allow":["GET"]}}],"collection":[{"href":"https:\/\/linitiative.ca\/International\/wp-json\/wp\/v2\/posts"}],"about":[{"href":"https:\/\/linitiative.ca\/International\/wp-json\/wp\/v2\/types\/post"}],"author":[{"embeddable":true,"href":"https:\/\/linitiative.ca\/International\/wp-json\/wp\/v2\/users\/1744"}],"replies":[{"embeddable":true,"href":"https:\/\/linitiative.ca\/International\/wp-json\/wp\/v2\/comments?post=84770"}],"version-history":[{"count":0,"href":"https:\/\/linitiative.ca\/International\/wp-json\/wp\/v2\/posts\/84770\/revisions"}],"wp:attachment":[{"href":"https:\/\/linitiative.ca\/International\/wp-json\/wp\/v2\/media?parent=84770"}],"wp:term":[{"taxonomy":"category","embeddable":true,"href":"https:\/\/linitiative.ca\/International\/wp-json\/wp\/v2\/categories?post=84770"},{"taxonomy":"post_tag","embeddable":true,"href":"https:\/\/linitiative.ca\/International\/wp-json\/wp\/v2\/tags?post=84770"}],"curies":[{"name":"wp","href":"https:\/\/api.w.org\/{rel}","templated":true}]}}