{"id":84771,"date":"2020-05-08T15:18:20","date_gmt":"2020-05-08T19:18:20","guid":{"rendered":"https:\/\/linitiative.ca\/International\/stigmatisation-le-chef-de-lonu-sinsurge-contre-une-avalanche-de-haine\/"},"modified":"2020-05-08T15:18:20","modified_gmt":"2020-05-08T19:18:20","slug":"stigmatisation-le-chef-de-lonu-sinsurge-contre-une-avalanche-de-haine","status":"publish","type":"post","link":"https:\/\/linitiative.ca\/International\/stigmatisation-le-chef-de-lonu-sinsurge-contre-une-avalanche-de-haine\/","title":{"rendered":"Stigmatisation : Le chef de l\u2019ONU s\u2019insurge contre \u00abune avalanche de haine\u00bb"},"content":{"rendered":"<p>La pand\u00e9mie de Covid-19 g\u00e9n\u00e8re \u00abune avalanche de haine et de x\u00e9nophobie\u00bb, a d\u00e9nonc\u00e9 hier dans un communiqu\u00e9 le chef de l&rsquo;ONU, Antonio Guterres, sans citer de pays ou d&rsquo;individus et en appelant \u00e0 \u00abune action r\u00e9solue\u00bb pour y mettre fin.<br \/>\u00abOn d\u00e9signe des boucs \u00e9missaires, on entretient la peur. La haine de l&rsquo;\u00e9tranger se r\u00e9pand sur internet et dans les rues. Les th\u00e9ories du complot \u00e0 caract\u00e8re antis\u00e9mite prolif\u00e8rent et des musulmans sont victimes d&rsquo;attaques li\u00e9es au Covid-19\u00bb, ajoute-t-il.<br \/>Selon lui, \u00abdes migrants et des r\u00e9fugi\u00e9s ont \u00e9t\u00e9 accus\u00e9s de propager le virus et se sont vus refuser l&rsquo;acc\u00e8s aux soins m\u00e9dicaux\u00bb, tandis que \u00abl&rsquo;id\u00e9e r\u00e9pugnante que l&rsquo;on pouvait sacrifier\u00bb les personnes \u00e2g\u00e9es, figurant parmi les plus vuln\u00e9rables, \u00aba commenc\u00e9 \u00e0 se r\u00e9pandre\u00bb.<br \/>\u00abDes journalistes, des lanceurs d&rsquo;alerte, des professionnels de sant\u00e9, des travailleurs humanitaires et des d\u00e9fenseurs des droits humains sont pris pour cible simplement parce qu&rsquo;ils font leur m\u00e9tier\u00bb, critique aussi le secr\u00e9taire g\u00e9n\u00e9ral de l&rsquo;ONU.<br \/>Il faut \u00abune action r\u00e9solue pour mettre fin aux discours de haine dans le monde entier\u00bb, r\u00e9clame Antonio Guterres, en demandant notamment aux enseignants \u00abde s&rsquo;int\u00e9resser \u00e0 la ma\u00eetrise des outils num\u00e9riques\u00bb par les jeunes \u2014\u00abun public captif\u00bb\u2014 et aux r\u00e9seaux sociaux \u00abd&rsquo;en faire davantage contre les contenus racistes, misogynes ou pr\u00e9judiciables\u00bb.<\/p>\n<p>Auteur: elmoudjahid<br \/>\n<a href=\"http:\/\/www.elmoudjahid.com\/fr\/actualites\/152976\">Cliquez ici pour lire l&rsquo;article depuis sa source.<\/a><\/p>\n","protected":false},"excerpt":{"rendered":"<p>La pand\u00e9mie de Covid-19 g\u00e9n\u00e8re \u00abune avalanche de haine et de x\u00e9nophobie\u00bb, a d\u00e9nonc\u00e9 hier dans un communiqu\u00e9 le chef de l&rsquo;ONU, Antonio Guterres, sans citer de pays ou d&rsquo;individus et en appelant \u00e0 \u00abune action r\u00e9solue\u00bb pour y mettre fin.\u00abOn d\u00e9signe des boucs \u00e9missaires, on entretient la peur. La haine de l&rsquo;\u00e9tranger se r\u00e9pand [&hellip;]<\/p>\n","protected":false},"author":1744,"featured_media":0,"comment_status":"closed","ping_status":"closed","sticky":false,"template":"","format":"standard","meta":{"fifu_image_url":"","fifu_image_alt":"","footnotes":""},"categories":[73,53],"tags":[],"class_list":["post-84771","post","type-post","status-publish","format-standard","hentry","category-actualite","category-algerie"],"_links":{"self":[{"href":"https:\/\/linitiative.ca\/International\/wp-json\/wp\/v2\/posts\/84771","targetHints":{"allow":["GET"]}}],"collection":[{"href":"https:\/\/linitiative.ca\/International\/wp-json\/wp\/v2\/posts"}],"about":[{"href":"https:\/\/linitiative.ca\/International\/wp-json\/wp\/v2\/types\/post"}],"author":[{"embeddable":true,"href":"https:\/\/linitiative.ca\/International\/wp-json\/wp\/v2\/users\/1744"}],"replies":[{"embeddable":true,"href":"https:\/\/linitiative.ca\/International\/wp-json\/wp\/v2\/comments?post=84771"}],"version-history":[{"count":0,"href":"https:\/\/linitiative.ca\/International\/wp-json\/wp\/v2\/posts\/84771\/revisions"}],"wp:attachment":[{"href":"https:\/\/linitiative.ca\/International\/wp-json\/wp\/v2\/media?parent=84771"}],"wp:term":[{"taxonomy":"category","embeddable":true,"href":"https:\/\/linitiative.ca\/International\/wp-json\/wp\/v2\/categories?post=84771"},{"taxonomy":"post_tag","embeddable":true,"href":"https:\/\/linitiative.ca\/International\/wp-json\/wp\/v2\/tags?post=84771"}],"curies":[{"name":"wp","href":"https:\/\/api.w.org\/{rel}","templated":true}]}}