{"id":84772,"date":"2020-05-08T07:19:31","date_gmt":"2020-05-08T11:19:31","guid":{"rendered":"https:\/\/linitiative.ca\/International\/104820-foot-algerie-une-conference-sur-la-methodologie-d-entrainement-et-l-analyse-video-mardi-prochain\/"},"modified":"2020-05-08T07:19:31","modified_gmt":"2020-05-08T11:19:31","slug":"104820-foot-algerie-une-conference-sur-la-methodologie-d-entrainement-et-l-analyse-video-mardi-prochain","status":"publish","type":"post","link":"https:\/\/linitiative.ca\/International\/104820-foot-algerie-une-conference-sur-la-methodologie-d-entrainement-et-l-analyse-video-mardi-prochain\/","title":{"rendered":"Foot\/: une conf\u00e9rence sur la m\u00e9thodologie d&rsquo;entrainement et l&rsquo;analyse vid\u00e9o mardi prochain"},"content":{"rendered":"<div readability=\"37\">\n<p><strong>ALGER- Une conf\u00e9rence webinaire sur le th\u00e8me \u00a0\u00bb M\u00e9thodologie de l&rsquo;entrainement et analyse vid\u00e9o\u00a0\u00bb sera organis\u00e9, mardi prochain \u00e0 21h00, a annonc\u00e9 la F\u00e9d\u00e9ration alg\u00e9rienne de football (FAF), vendredi sur son site officiel.<\/strong><\/p>\n<\/div>\n<div readability=\"68\">\n<p>Initi\u00e9e par la Direction technique nationale (DTN) de la FAF, cette formation de haut niveau est ouverte aux techniciens du football en Alg\u00e9rie, \u00e9ducateurs, formateurs, entra\u00eeneurs et s\u00e9lectionneurs, a la m\u00eame source.<\/p>\n<p>La Formation permettra aux participants d&rsquo;am\u00e9liorer leurs connaissances sur la M\u00e9thodologie d\u2019entra\u00eenement et Plan de d\u00e9veloppement du joueur en formation dans un club de Ligue 1. Ils s\u2019impr\u00e9gneront sur l\u2019analyse vid\u00e9o, connue pour \u00eatre un outil strat\u00e9gique au service du d\u00e9veloppement du joueur en centre de formation professionnelle de Ligue 1.Les postulants suivront des interventions crois\u00e9es qui seront anim\u00e9es par les techniciens franco-alg\u00e9riens Nedder Razik et Samir Guendouz.<\/p>\n<p>Razik (33 ans) est actuellement entra\u00eeneur de l\u2019\u00e9quipe R\u00e9serve Pro2 de l\u2019AS Saint Etienne depuis bient\u00f4t 10 saisons, poss\u00e9dant un parcours vari\u00e9 sur l\u2019ensemble des cat\u00e9gories de la formation. Il est aussi titulaire duBEFF Formateur \u00ab\u00a0UEFA ELITE YOUTH A DIPLOMA\u00a0\u00bb et vainqueur de la Coupe Gambardella en 2019, il est aussi responsable technique du Centre de Formation de l\u2019ASSE.<\/p>\n<p>Pour sa part, Guendouz, 36 ans, \u0153uvre depuis 4 ans en tant qu\u2019Analyste vid\u00e9o \u00e0 l\u2019Acad\u00e9mie du Racing Club Strasbourg Alsace, notamment aupr\u00e8s des jeunes joueurs en qu\u00eate d\u2019atteinte du haut-niveau.<\/p>\n<p>Guendouz est titulaire d\u2019un DESJEPS mention Football (Licence A UEFA), d\u2019un Master entrainement sportif, d\u2019un dipl\u00f4me universitaire Europ\u00e9en de pr\u00e9paration physique et Brevet d\u2019Etat 1er degr\u00e9 option natation. Il a en outre assur\u00e9 le suivi sportif, scolaire et m\u00e9dical de jeunes sportifs de haut-niveau.<\/p>\n<\/div>\n<p>Auteur:<br \/>\n<a href=\"http:\/\/www.aps.dz\/sport\/104820-foot-algerie-une-conference-sur-la-methodologie-d-entrainement-et-l-analyse-video-mardi-prochain?utm_source=feedburner&#038;utm_medium=feed&#038;utm_campaign=Feed%3A+aps-sport+%28APS+-+SPORT%29\">Cliquez ici pour lire l&rsquo;article depuis sa source.<\/a><\/p>\n","protected":false},"excerpt":{"rendered":"<p>ALGER- Une conf\u00e9rence webinaire sur le th\u00e8me \u00a0\u00bb M\u00e9thodologie de l&rsquo;entrainement et analyse vid\u00e9o\u00a0\u00bb sera organis\u00e9, mardi prochain \u00e0 21h00, a annonc\u00e9 la F\u00e9d\u00e9ration alg\u00e9rienne de football (FAF), vendredi sur son site officiel. Initi\u00e9e par la Direction technique nationale (DTN) de la FAF, cette formation de haut niveau est ouverte aux techniciens du football en [&hellip;]<\/p>\n","protected":false},"author":1790,"featured_media":0,"comment_status":"closed","ping_status":"closed","sticky":false,"template":"","format":"standard","meta":{"fifu_image_url":"","fifu_image_alt":"","footnotes":""},"categories":[53,75],"tags":[],"class_list":["post-84772","post","type-post","status-publish","format-standard","hentry","category-algerie","category-sport"],"_links":{"self":[{"href":"https:\/\/linitiative.ca\/International\/wp-json\/wp\/v2\/posts\/84772","targetHints":{"allow":["GET"]}}],"collection":[{"href":"https:\/\/linitiative.ca\/International\/wp-json\/wp\/v2\/posts"}],"about":[{"href":"https:\/\/linitiative.ca\/International\/wp-json\/wp\/v2\/types\/post"}],"author":[{"embeddable":true,"href":"https:\/\/linitiative.ca\/International\/wp-json\/wp\/v2\/users\/1790"}],"replies":[{"embeddable":true,"href":"https:\/\/linitiative.ca\/International\/wp-json\/wp\/v2\/comments?post=84772"}],"version-history":[{"count":0,"href":"https:\/\/linitiative.ca\/International\/wp-json\/wp\/v2\/posts\/84772\/revisions"}],"wp:attachment":[{"href":"https:\/\/linitiative.ca\/International\/wp-json\/wp\/v2\/media?parent=84772"}],"wp:term":[{"taxonomy":"category","embeddable":true,"href":"https:\/\/linitiative.ca\/International\/wp-json\/wp\/v2\/categories?post=84772"},{"taxonomy":"post_tag","embeddable":true,"href":"https:\/\/linitiative.ca\/International\/wp-json\/wp\/v2\/tags?post=84772"}],"curies":[{"name":"wp","href":"https:\/\/api.w.org\/{rel}","templated":true}]}}