{"id":84778,"date":"2020-05-08T13:37:00","date_gmt":"2020-05-08T17:37:00","guid":{"rendered":"https:\/\/linitiative.ca\/International\/lutte-contre-la-contrebande-et-la-criminalite-arrestation-de-7-narcotrafiquants-et-saisie-de-53-kg-de-kif\/"},"modified":"2020-05-08T13:37:00","modified_gmt":"2020-05-08T17:37:00","slug":"lutte-contre-la-contrebande-et-la-criminalite-arrestation-de-7-narcotrafiquants-et-saisie-de-53-kg-de-kif","status":"publish","type":"post","link":"https:\/\/linitiative.ca\/International\/lutte-contre-la-contrebande-et-la-criminalite-arrestation-de-7-narcotrafiquants-et-saisie-de-53-kg-de-kif\/","title":{"rendered":"LUTTE CONTRE LA CONTREBANDE ET LA CRIMINALITE : Arrestation de 7 narcotrafiquants  et saisie de 53 kg de kif"},"content":{"rendered":"<p><br id=\"sep_para_1\" class=\"sep_para access\"\/><\/p>\n<div id=\"para_1\" class=\"para_36859534 resize\">\n<div class=\"texte access firstletter\">Sept narcotrafiquants ont \u00e9t\u00e9 arr\u00eat\u00e9s plus de 53 kilogrammes de kif trait\u00e9 saisis mercredi par des d\u00e9tachements combin\u00e9s de l&rsquo;Arm\u00e9e nationale populaire (ANP) \u00e0 Skikda, Tlemcen Ouargla et Adrar, a indiqu\u00e9 jeudi un communiqu\u00e9 du minist\u00e8re de la D\u00e9fense nationale (MDN). \u00ab\u00a0Dans le cadre de la lutte contre la contrebande et la criminalit\u00e9 organis\u00e9e, un d\u00e9tachement combin\u00e9 de l&rsquo;ANP a saisi, le 6 mai 2020 \u00e0 Skikda en 5\u00e8me R\u00e9gion militaire, 37 kilogrammes de kif trait\u00e9, tandis que d&rsquo;autres d\u00e9tachements combin\u00e9s de l&rsquo;ANP ont arr\u00eat\u00e9 sept (7) narcotrafiquants et saisi 16,3 kilogrammes de la m\u00eame substance et trois (03) v\u00e9hicules touristiques, et ce, lors d&rsquo;op\u00e9rations distinctes men\u00e9es \u00e0 Tlemcen en 2\u00e8me RM, Ouargla en 4\u00e8me RM et Adrar en 3\u00e8me RM\u00a0\u00bb, pr\u00e9cise la m\u00eame source. Par ailleurs, des d\u00e9tachements combin\u00e9s de l&rsquo;ANP \u00ab\u00a0ont intercept\u00e9, \u00e0 Bordj Badji Mokhtar et In-Guezzam en 6\u00e8me RM, deux (2) personnes et saisi huit (8) v\u00e9hicules tout-terrains charg\u00e9s de 10 tonnes de denr\u00e9es alimentaires et 1,7 tonne de produits d\u00e9tergents destin\u00e9s \u00e0 la contrebande, alors que des Garde-c\u00f4tes ont d\u00e9jou\u00e9 une tentative d&rsquo;\u00e9migration clandestine de neuf (9) individus \u00e0 bord d&rsquo;une embarcation de construction artisanale \u00e0 El-Kala en 5\u00e8me RM\u00a0\u00bb.<\/div>\n<\/div>\n<p>Auteur: Nadine<br \/>\n<a href=\"https:\/\/www.reflexiondz.net\/LUTTE-CONTRE-LA-CONTREBANDE-ET-LA-CRIMINALITE-Arrestation-de-7-narcotrafiquants-et-saisie-de-53-kg-de-kif_a62569.html\">Cliquez ici pour lire l&rsquo;article depuis sa source.<\/a><\/p>\n","protected":false},"excerpt":{"rendered":"<p>Sept narcotrafiquants ont \u00e9t\u00e9 arr\u00eat\u00e9s plus de 53 kilogrammes de kif trait\u00e9 saisis mercredi par des d\u00e9tachements combin\u00e9s de l&rsquo;Arm\u00e9e nationale populaire (ANP) \u00e0 Skikda, Tlemcen Ouargla et Adrar, a indiqu\u00e9 jeudi un communiqu\u00e9 du minist\u00e8re de la D\u00e9fense nationale (MDN). \u00ab\u00a0Dans le cadre de la lutte contre la contrebande et la criminalit\u00e9 organis\u00e9e, un [&hellip;]<\/p>\n","protected":false},"author":1740,"featured_media":0,"comment_status":"closed","ping_status":"closed","sticky":false,"template":"","format":"standard","meta":{"fifu_image_url":"","fifu_image_alt":"","footnotes":""},"categories":[53,76],"tags":[],"class_list":["post-84778","post","type-post","status-publish","format-standard","hentry","category-algerie","category-regions"],"_links":{"self":[{"href":"https:\/\/linitiative.ca\/International\/wp-json\/wp\/v2\/posts\/84778","targetHints":{"allow":["GET"]}}],"collection":[{"href":"https:\/\/linitiative.ca\/International\/wp-json\/wp\/v2\/posts"}],"about":[{"href":"https:\/\/linitiative.ca\/International\/wp-json\/wp\/v2\/types\/post"}],"author":[{"embeddable":true,"href":"https:\/\/linitiative.ca\/International\/wp-json\/wp\/v2\/users\/1740"}],"replies":[{"embeddable":true,"href":"https:\/\/linitiative.ca\/International\/wp-json\/wp\/v2\/comments?post=84778"}],"version-history":[{"count":0,"href":"https:\/\/linitiative.ca\/International\/wp-json\/wp\/v2\/posts\/84778\/revisions"}],"wp:attachment":[{"href":"https:\/\/linitiative.ca\/International\/wp-json\/wp\/v2\/media?parent=84778"}],"wp:term":[{"taxonomy":"category","embeddable":true,"href":"https:\/\/linitiative.ca\/International\/wp-json\/wp\/v2\/categories?post=84778"},{"taxonomy":"post_tag","embeddable":true,"href":"https:\/\/linitiative.ca\/International\/wp-json\/wp\/v2\/tags?post=84778"}],"curies":[{"name":"wp","href":"https:\/\/api.w.org\/{rel}","templated":true}]}}