{"id":84779,"date":"2020-05-08T13:37:00","date_gmt":"2020-05-08T17:37:00","guid":{"rendered":"https:\/\/linitiative.ca\/International\/djelfa-des-eleveurs-font-don-de-200-tetes-dovins-aux-blideens\/"},"modified":"2020-05-08T13:37:00","modified_gmt":"2020-05-08T17:37:00","slug":"djelfa-des-eleveurs-font-don-de-200-tetes-dovins-aux-blideens","status":"publish","type":"post","link":"https:\/\/linitiative.ca\/International\/djelfa-des-eleveurs-font-don-de-200-tetes-dovins-aux-blideens\/","title":{"rendered":"DJELFA  : Des \u00e9leveurs font  don de 200 t\u00eates d\u2019ovins  aux Blid\u00e9ens"},"content":{"rendered":"<p><br id=\"sep_para_1\" class=\"sep_para access\"\/><\/p>\n<div id=\"para_1\" class=\"para_36859508 resize\">\n<div class=\"texte access firstletter\">Des \u00e9leveurs de Djelfa ont fait don de 200 t\u00eates d\u2019ovins, dans le cadre d\u2019une caravane de solidarit\u00e9 destin\u00e9e aux citoyens de Blida, en guise de contribution \u00e0 l\u2019effort de solidarit\u00e9 inter-wilayas, en cette conjoncture de pand\u00e9mie du nouveau coronavirus (Covid-19). Le coup d\u2019envoi de cette caravane a \u00e9t\u00e9 donn\u00e9, jeudi, par le wali Mohamed Benamar, \u00e0 partir du complexe des viandes rouges de Hassi Bahbah (50 km au nord de Djelfa). Il s\u2019agit de pr\u00e9s de 200 t\u00eates d\u2019ovins, abattus et d\u00e9pec\u00e9s au complexe des viandes rouges de Hassi Bahbah, dont la direction a mobilis\u00e9 tout le personnel, au titre de cette action de solidarit\u00e9 humaine. Dans sa d\u00e9claration, \u00e0 l\u2019occasion, le wali s\u2019est f\u00e9licit\u00e9 de cet \u00e9lan de solidarit\u00e9, exprimant, a-t-il dit, la \u00ab\u00a0g\u00e9n\u00e9rosit\u00e9 l\u00e9gendaire des enfants de Djelfa, et la solidarit\u00e9 des alg\u00e9riens en temps de crise\u00a0\u00bb. \u00ab\u00a0Cette op\u00e9ration, qui a \u00e9t\u00e9 pr\u00e9par\u00e9e depuis des jours, est le reflet des valeurs de charit\u00e9 et de g\u00e9n\u00e9rosit\u00e9, qui ont toujours impr\u00e9gn\u00e9 les \u00e9leveurs de la capitale de la Steppe, qui veut ainsi exprimer sa solidarit\u00e9 avec la ville des roses, slogan choisi pour cette caravane\u00a0\u00bb, a indiqu\u00e9 \u00e0 l\u2019APS, le secr\u00e9taire g\u00e9n\u00e9ral de la chambre d\u2019agriculture, Abdelkader Belkhiri.<\/div>\n<\/div>\n<p>Auteur: Nadine<br \/>\n<a href=\"https:\/\/www.reflexiondz.net\/DJELFA-Des-eleveurs-font-don-de-200-tetes-d-ovins-aux-Blideens_a62565.html\">Cliquez ici pour lire l&rsquo;article depuis sa source.<\/a><\/p>\n","protected":false},"excerpt":{"rendered":"<p>Des \u00e9leveurs de Djelfa ont fait don de 200 t\u00eates d\u2019ovins, dans le cadre d\u2019une caravane de solidarit\u00e9 destin\u00e9e aux citoyens de Blida, en guise de contribution \u00e0 l\u2019effort de solidarit\u00e9 inter-wilayas, en cette conjoncture de pand\u00e9mie du nouveau coronavirus (Covid-19). Le coup d\u2019envoi de cette caravane a \u00e9t\u00e9 donn\u00e9, jeudi, par le wali Mohamed [&hellip;]<\/p>\n","protected":false},"author":1740,"featured_media":0,"comment_status":"closed","ping_status":"closed","sticky":false,"template":"","format":"standard","meta":{"fifu_image_url":"","fifu_image_alt":"","footnotes":""},"categories":[53,76],"tags":[],"class_list":["post-84779","post","type-post","status-publish","format-standard","hentry","category-algerie","category-regions"],"_links":{"self":[{"href":"https:\/\/linitiative.ca\/International\/wp-json\/wp\/v2\/posts\/84779","targetHints":{"allow":["GET"]}}],"collection":[{"href":"https:\/\/linitiative.ca\/International\/wp-json\/wp\/v2\/posts"}],"about":[{"href":"https:\/\/linitiative.ca\/International\/wp-json\/wp\/v2\/types\/post"}],"author":[{"embeddable":true,"href":"https:\/\/linitiative.ca\/International\/wp-json\/wp\/v2\/users\/1740"}],"replies":[{"embeddable":true,"href":"https:\/\/linitiative.ca\/International\/wp-json\/wp\/v2\/comments?post=84779"}],"version-history":[{"count":0,"href":"https:\/\/linitiative.ca\/International\/wp-json\/wp\/v2\/posts\/84779\/revisions"}],"wp:attachment":[{"href":"https:\/\/linitiative.ca\/International\/wp-json\/wp\/v2\/media?parent=84779"}],"wp:term":[{"taxonomy":"category","embeddable":true,"href":"https:\/\/linitiative.ca\/International\/wp-json\/wp\/v2\/categories?post=84779"},{"taxonomy":"post_tag","embeddable":true,"href":"https:\/\/linitiative.ca\/International\/wp-json\/wp\/v2\/tags?post=84779"}],"curies":[{"name":"wp","href":"https:\/\/api.w.org\/{rel}","templated":true}]}}