{"id":84783,"date":"2020-05-08T11:39:00","date_gmt":"2020-05-08T15:39:00","guid":{"rendered":"https:\/\/linitiative.ca\/International\/adnane-ben-halima-nouveau-vice-president-en-charge-des-relations-publiques-de-huawei-northern-africa\/"},"modified":"2020-05-08T11:39:00","modified_gmt":"2020-05-08T15:39:00","slug":"adnane-ben-halima-nouveau-vice-president-en-charge-des-relations-publiques-de-huawei-northern-africa","status":"publish","type":"post","link":"https:\/\/linitiative.ca\/International\/adnane-ben-halima-nouveau-vice-president-en-charge-des-relations-publiques-de-huawei-northern-africa\/","title":{"rendered":"Adnane Ben Halima, nouveau Vice-Pr\u00e9sident en charge des relations publiques de Huawei Northern Africa"},"content":{"rendered":"<p>M. Adnane Ben Halima a \u00e9t\u00e9 nomm\u00e9 au poste de Vice-Pr\u00e9sident en charge des relations publiques pour la r\u00e9gion M\u00e9diterran\u00e9e au bureau r\u00e9gional de Huawei Northern Africa, \u00e0 compter du mercredi 6 mai 2020.<\/p>\n<p>Depuis plus de deux d\u00e9cennies, Huawei intervient d\u2019une fa\u00e7on importante sur le continent africain, qui a \u00e9t\u00e9 toujours \u00e9t\u00e9 au c\u0153ur de la strat\u00e9gie de d\u00e9veloppement de l\u2019entreprise. Le g\u00e9ant chinois a r\u00e9alis\u00e9 des investissements tr\u00e8s importants pour soutenir le d\u00e9veloppent des infrastructures de Technologies de l\u2019Information et de la Communication (TIC) en Afrique.<\/p>\n<p>Le Vice-Pr\u00e9sident Ex\u00e9cutif de Huawei Northern Africa M. Philippe Wang a indiqu\u00e9 : \u00ab Nous sommes fiers et tr\u00e8s heureux que l\u2019un de nos collaborateurs puisse avoir la possibilit\u00e9 d\u2019acc\u00e9der \u00e0 de nouvelles responsabilit\u00e9s au sein de nos \u00e9quipes. Alors que 75% de nos employ\u00e9s sur le continent sont africains, M. Ben Halima va pouvoir continuer l\u2019accompagnement de nos partenaires africains, dans les secteurs public et priv\u00e9, afin de maintenir le d\u00e9veloppement de l\u2019\u00e9cosyst\u00e8me num\u00e9rique du continent. \u00bb<\/p>\n<p>De son c\u00f4t\u00e9, M. Adnane Ben Halima, Vice-Pr\u00e9sident en charge des relations publiques pour la r\u00e9gion M\u00e9diterran\u00e9e de Huawei Northern Africa a indiqu\u00e9 que : \u00abC&rsquo;est un challenge int\u00e9ressant qui nous attend, notamment \u00e0 cet \u00e8re du digital. Avec le travail en \u00e9quipe, nous allons certainement pouvoir relever les d\u00e9fis de la transformation num\u00e9rique en Afrique et \u00eatre \u00e0 la hauteur des attentes de nos partenaires. \u00bb<\/p>\n<p><span class=\"c3\"><span class=\"c2\"><strong>Parcours de M. Adnane Ben Halima<\/strong><\/span><\/span><\/p>\n<p>Adnane Ben Halima, Vice-Pr\u00e9sident en charge des relations publiques de Huawei Northern Africa, est titulaire d\u2019un dipl\u00f4me d\u2019ing\u00e9nieur en informatique.<br \/>Ag\u00e9 de 40 ans, il a commenc\u00e9 sa carri\u00e8re professionnelle en tant qu\u2019ing\u00e9nieur en recherche et d\u00e9veloppement chez ST-Microelectronics avant de rejoindre Huawei Technologies en 2005. Adnane Ben Halima a occup\u00e9 plusieurs postes de responsabilit\u00e9s dans plusieurs pays allant de la gestion de grands comptes op\u00e9rateurs et de comptes gouvernementaux \u00e0 la direction g\u00e9n\u00e9rales des pays. Il a \u00e9galement pilot\u00e9 la mise en place de plusieurs nouveaux r\u00e9seaux 2G, 3G, 4G, THD fixe et plateforme Cloud avec les op\u00e9rateurs t\u00e9l\u00e9coms de plusieurs pays du continent.<br \/>\u00a0<\/p>\n<p>Auteur:<br \/>\n<a href=\"https:\/\/www.leaders.com.tn\/article\/29882-adnane-ben-halima-nouveau-vice-president-en-charge-des-relations-publiques-de-huawei-northern-africa\">Cliquez ici pour lire l&rsquo;article depuis sa source.<\/a><\/p>\n","protected":false},"excerpt":{"rendered":"<p>M. Adnane Ben Halima a \u00e9t\u00e9 nomm\u00e9 au poste de Vice-Pr\u00e9sident en charge des relations publiques pour la r\u00e9gion M\u00e9diterran\u00e9e au bureau r\u00e9gional de Huawei Northern Africa, \u00e0 compter du mercredi 6 mai 2020. Depuis plus de deux d\u00e9cennies, Huawei intervient d\u2019une fa\u00e7on importante sur le continent africain, qui a \u00e9t\u00e9 toujours \u00e9t\u00e9 au c\u0153ur [&hellip;]<\/p>\n","protected":false},"author":1772,"featured_media":0,"comment_status":"closed","ping_status":"closed","sticky":false,"template":"","format":"standard","meta":{"fifu_image_url":"","fifu_image_alt":"","footnotes":""},"categories":[73,55],"tags":[],"class_list":["post-84783","post","type-post","status-publish","format-standard","hentry","category-actualite","category-tunisie"],"_links":{"self":[{"href":"https:\/\/linitiative.ca\/International\/wp-json\/wp\/v2\/posts\/84783","targetHints":{"allow":["GET"]}}],"collection":[{"href":"https:\/\/linitiative.ca\/International\/wp-json\/wp\/v2\/posts"}],"about":[{"href":"https:\/\/linitiative.ca\/International\/wp-json\/wp\/v2\/types\/post"}],"author":[{"embeddable":true,"href":"https:\/\/linitiative.ca\/International\/wp-json\/wp\/v2\/users\/1772"}],"replies":[{"embeddable":true,"href":"https:\/\/linitiative.ca\/International\/wp-json\/wp\/v2\/comments?post=84783"}],"version-history":[{"count":0,"href":"https:\/\/linitiative.ca\/International\/wp-json\/wp\/v2\/posts\/84783\/revisions"}],"wp:attachment":[{"href":"https:\/\/linitiative.ca\/International\/wp-json\/wp\/v2\/media?parent=84783"}],"wp:term":[{"taxonomy":"category","embeddable":true,"href":"https:\/\/linitiative.ca\/International\/wp-json\/wp\/v2\/categories?post=84783"},{"taxonomy":"post_tag","embeddable":true,"href":"https:\/\/linitiative.ca\/International\/wp-json\/wp\/v2\/tags?post=84783"}],"curies":[{"name":"wp","href":"https:\/\/api.w.org\/{rel}","templated":true}]}}