{"id":84786,"date":"2020-05-08T17:03:00","date_gmt":"2020-05-08T21:03:00","guid":{"rendered":"https:\/\/linitiative.ca\/International\/salem-mbarek-lun-des-batisseurs-de-la-douane-tunisienne-nest-plus\/"},"modified":"2020-05-08T17:03:00","modified_gmt":"2020-05-08T21:03:00","slug":"salem-mbarek-lun-des-batisseurs-de-la-douane-tunisienne-nest-plus","status":"publish","type":"post","link":"https:\/\/linitiative.ca\/International\/salem-mbarek-lun-des-batisseurs-de-la-douane-tunisienne-nest-plus\/","title":{"rendered":"Salem Mbarek, l\u2019un des b\u00e2tisseurs de la Douane Tunisienne, n\u2019est plus"},"content":{"rendered":"<p><img loading=\"lazy\" decoding=\"async\" src=\"\/uploads\/FCK_files\/salem-long.jpg\" width=\"200\" height=\"598\" vspace=\"5\" hspace=\"5\" align=\"right\" alt=\"\"\/>Fin, \u00e9l\u00e9gant et courtois, Salem Mbarek qui vient de nous quitter \u00e0 l\u2019\u00e2ge de 83 ans avait un signe distinctif particulier. Il savait donner \u00e0 sa grande comp\u00e9tence de Contr\u00f4leur g\u00e9n\u00e9ral des Douanes, la rigueur enrob\u00e9e dans la douceur du verbe, l\u2019intelligence de l\u2019esprit et la capacit\u00e9 de persuasion. Fiscaliste, douanier, il g\u00e9rait, commandait, participait \u00e0 la confection des textes l\u00e9gislatifs et r\u00e8glementaires, formait et conseillait. De lui, sa fille Sonia, ancienne ministre de la Culture et de la Sauvegarde du Patrimoine et politiste, comme ses deux s\u0153urs, ont h\u00e9rit\u00e9, de leur douce m\u00e8re aussi, de nobles valeurs.<\/p>\n<p>Depuis son jeune \u00e2ge, Salem Mbarek se sentait une vocation toute propre. Ce natif de Zaghouan, le 12 Juillet 1936 se destinera au service de l\u2019\u00c9tat, en choisissant un corps strat\u00e9gique o\u00f9 la souverainet\u00e9 \u00e9conomique s\u2019alliera \u00e0 la s\u00e9curit\u00e9 nationale globale. \u00c7a sera la Douane tunisienne. Il fera alors partie des toutes premi\u00e8res promotions tunisiennes envoy\u00e9es par Bourguiba l\u2019aube de l\u2019ind\u00e9pendance et admise \u00e0 l\u2019\u00c9cole nationale des douanes de Neuilly en France. Studieux, curieux de conna\u00eetre l\u2019esprit des lois et le m\u00e9tier du vrai douanier, f\u00e9ru de s\u00e9minaires sp\u00e9cialis\u00e9s et de stages sur le terrain, et m\u00e9lomane de surcroit, Salem Mbarek r\u00e9ussira brillamment son dipl\u00f4me.<\/p>\n<p>De retour en Tunisie, il int\u00e8grera la Douane tunisienne pour entamer une longue carri\u00e8re, gagnant au m\u00e9rite et au d\u00e9vouement, galons puis \u00e9toiles, gravissant un \u00e0 un les \u00e9chelons de ce prestigieux corps. Il n\u2019avait que 34 ans lorsqu\u2019il sera nomm\u00e9 inspecteur des Douanes \u00e0 Sfax. La capitale du Sud, et son port commercial portail de la m\u00e9diterran\u00e9e est un grand poste. Son p\u00e9rim\u00e8tre s\u2019\u00e9tend au Sud, couvrant ainsi les fronti\u00e8res avec la Libye. Le chef r\u00e9gional des Douanes r\u00e8gne en ma\u00eetre, veille en connaisseur avis\u00e9, et surveille en patriote. Se faire contester, craindre ou adoub\u00e9, Salem Mbarek sera parmi les rares grands inspecteurs des Douanes adopt\u00e9s par Sfax et le Sud.<\/p>\n<p>Ce sera le d\u00e9but d\u2019une longue carri\u00e8re de 45 ans, au service du minist\u00e8re des Finances, et de la Douane tunisienne, qu\u2019il repr\u00e9sente au niveau r\u00e9gional, national et international. Promu de fonctions en grades, Salem Mbarek sera l\u00e9gitimement nomm\u00e9 directeur g\u00e9n\u00e9ral, puis contr\u00f4leur g\u00e9n\u00e9ral des Douanes, au d\u00e9but des ann\u00e9es 1990.<\/p>\n<p>Il f\u00fbt ainsi parmi les grands b\u00e2tisseurs de l\u2019administration douani\u00e8re, pendant des d\u00e9cennies de construction du projet national tunisien de d\u00e9veloppement, et formateur- expert de plusieurs g\u00e9n\u00e9rations d\u2019administrateurs \u00e0 l\u2019\u00c9cole nationale d\u2019Administration et celle de la Douane.<\/p>\n<p class=\"c2\"><img loading=\"lazy\" decoding=\"async\" src=\"\/uploads\/FCK_files\/Bourguiba123.jpg\" width=\"700\" height=\"486\" vspace=\"5\" hspace=\"5\" align=\"middle\" alt=\"\"\/><\/p>\n<p>En lui remettant les signes de sa d\u00e9coration dans l\u2019Ordre de la R\u00e9publique, le pr\u00e9sident Bourguiba lui adressera des f\u00e9licitations particuli\u00e8res. \u00ab\u00a0Vous avez la chance de servir, avec cette \u00e9lite d\u2019officiers sup\u00e9rieurs de la Douane, la patrie, l\u2019\u00e9conomie et la R\u00e9publique, et le m\u00e9rite d\u2019y r\u00e9ussir\u00a0!\u00a0\u00bb Cet hommage ponctu\u00e9 prononc\u00e9 par le chef de l\u2019\u00c9tat, en pr\u00e9sence du directeur g\u00e9n\u00e9ral de la Douane, Hammadi Sekhiri, du ministre des Finances, Salam Mbarka et du Premier ministre, Mohamed Mzali, le comblait de bonheur. Deux de ses illustres coll\u00e8gues, dont Mustapha Badreddine \u00e9taient \u00e9galement honor\u00e9s par Bourguiba. Ce jour-l\u00e0 restera grav\u00e9 dans la m\u00e9moire de Salem Mbakek.<\/p>\n<p>Tous ses coll\u00e8gues et collaborateurs se rappellent d\u2019un homme fid\u00e8le \u00e0 ses principes, int\u00e8gre, riguoureux et patriote, toujours affable. Ils \u00e9voquent \u00e9galement ses grandes capacit\u00e9s de leadership et d\u2019arbitrage, ainsi qu\u2019une discipline in\u00e9gal\u00e9e dans la gestion de ses d\u00e9partements, doubl\u00e9e d\u2019une intransigeance quant \u00e0 l\u2019application de la loi.<\/p>\n<p>Pour sa fille, Sonia Mbarek, retenue en France o\u00f9 elle entreprend des recherches universitaires apr\u00e8s avoir d\u00e9croch\u00e9 son doctorat en Droit, l\u2019\u00e9motion est tr\u00e8s vive et la peine, immense. \u00ab\u00a0La perte d\u2019un p\u00e8re est toujours tr\u00e8s douloureuse. Mais ma peine est double, confie-t-elle \u00e0 Leaders, d\u2019une voix endeuill\u00e9e. C\u2019est d\u2019abord la perte d\u2019un p\u00e8re exceptionnel, qui a vou\u00e9 sa vie \u00e0 nous donner le meilleur en valeurs, culture et \u00e9ducation. Cette s\u00e9r\u00e9nit\u00e9 et ce courage que nous avons h\u00e9rit\u00e9 de lui, ainsi que de ma ch\u00e8re m\u00e8re, mes deux s\u0153urs Monia et Aicha et moi-m\u00eame, est ancr\u00e9 \u00e0 jamais en nous.\u00a0 C\u2019est ensuite la perte d\u2019un conseiller tr\u00e8s avis\u00e9 \u00e0 tous les niveaux, pour qui toutes les difficult\u00e9s du monde semblaient si simples \u00e0 surmonter. Tu nous manque d\u00e9j\u00e0 terriblement\u00a0!\u2019\u2019<br \/>\u00ab\u00a0Au revoir cher Papa\u00a0! Tu nous devances \u00bb lancera-t-elle du fond du c\u0153ur.<\/p>\n<p>Paix \u00e0 son \u00e2me\u00a0!<\/p>\n<p>Auteur:<br \/>\n<a href=\"https:\/\/www.leaders.com.tn\/article\/29884-salem-mbarek-l-un-des-batisseurs-de-la-douane-tunisienne-n-est-plus\">Cliquez ici pour lire l&rsquo;article depuis sa source.<\/a><\/p>\n","protected":false},"excerpt":{"rendered":"<p>Fin, \u00e9l\u00e9gant et courtois, Salem Mbarek qui vient de nous quitter \u00e0 l\u2019\u00e2ge de 83 ans avait un signe distinctif particulier. Il savait donner \u00e0 sa grande comp\u00e9tence de Contr\u00f4leur g\u00e9n\u00e9ral des Douanes, la rigueur enrob\u00e9e dans la douceur du verbe, l\u2019intelligence de l\u2019esprit et la capacit\u00e9 de persuasion. Fiscaliste, douanier, il g\u00e9rait, commandait, participait [&hellip;]<\/p>\n","protected":false},"author":1772,"featured_media":84787,"comment_status":"closed","ping_status":"closed","sticky":false,"template":"","format":"standard","meta":{"fifu_image_url":"","fifu_image_alt":"","footnotes":""},"categories":[73,55],"tags":[],"class_list":["post-84786","post","type-post","status-publish","format-standard","has-post-thumbnail","hentry","category-actualite","category-tunisie"],"_links":{"self":[{"href":"https:\/\/linitiative.ca\/International\/wp-json\/wp\/v2\/posts\/84786","targetHints":{"allow":["GET"]}}],"collection":[{"href":"https:\/\/linitiative.ca\/International\/wp-json\/wp\/v2\/posts"}],"about":[{"href":"https:\/\/linitiative.ca\/International\/wp-json\/wp\/v2\/types\/post"}],"author":[{"embeddable":true,"href":"https:\/\/linitiative.ca\/International\/wp-json\/wp\/v2\/users\/1772"}],"replies":[{"embeddable":true,"href":"https:\/\/linitiative.ca\/International\/wp-json\/wp\/v2\/comments?post=84786"}],"version-history":[{"count":0,"href":"https:\/\/linitiative.ca\/International\/wp-json\/wp\/v2\/posts\/84786\/revisions"}],"wp:featuredmedia":[{"embeddable":true,"href":"https:\/\/linitiative.ca\/International\/wp-json\/"}],"wp:attachment":[{"href":"https:\/\/linitiative.ca\/International\/wp-json\/wp\/v2\/media?parent=84786"}],"wp:term":[{"taxonomy":"category","embeddable":true,"href":"https:\/\/linitiative.ca\/International\/wp-json\/wp\/v2\/categories?post=84786"},{"taxonomy":"post_tag","embeddable":true,"href":"https:\/\/linitiative.ca\/International\/wp-json\/wp\/v2\/tags?post=84786"}],"curies":[{"name":"wp","href":"https:\/\/api.w.org\/{rel}","templated":true}]}}