{"id":84791,"date":"2020-05-08T14:39:06","date_gmt":"2020-05-08T18:39:06","guid":{"rendered":"https:\/\/linitiative.ca\/International\/report-de-credits-letat-et-le-secteur-bancaire-prendront-en-charge-lintegralite-des-interets-intercalaires\/"},"modified":"2020-05-08T14:39:06","modified_gmt":"2020-05-08T18:39:06","slug":"report-de-credits-letat-et-le-secteur-bancaire-prendront-en-charge-lintegralite-des-interets-intercalaires","status":"publish","type":"post","link":"https:\/\/linitiative.ca\/International\/report-de-credits-letat-et-le-secteur-bancaire-prendront-en-charge-lintegralite-des-interets-intercalaires\/","title":{"rendered":"Report de cr\u00e9dits : l\u2019Etat et le secteur bancaire prendront en charge l\u2019int\u00e9gralit\u00e9 des int\u00e9r\u00eats intercalaires"},"content":{"rendered":"<p><strong>Le Comit\u00e9\u00a0 de veille \u00e9conomique, qui a tenu sa 7<\/strong><sup><strong>\u00e8me<\/strong><\/sup><strong>r\u00e9union ce vendredi 8 mai, a d\u00e9cid\u00e9 que les personnes ayant demand\u00e9 le report des \u00e9ch\u00e9ances n\u2019auront pas \u00e0 supporter les int\u00e9r\u00eats y aff\u00e9rents. Voici l\u2019essentiel \u00e0 retenir de la r\u00e9union.<\/strong><\/p>\n<div class=\"c10\"\/>\n<p>C\u2019est l\u2019une des plus importantes d\u00e9cisions prises par le Comit\u00e9 de veille \u00e9conomique (CVE) lors de 7<sup>\u00e8me<\/sup> r\u00e9union tenue en visioconf\u00e9rence aujourd\u2019hui. En effet, l\u2019Etat et le <strong>secteur bancaire<\/strong> prendront en charge l\u2019int\u00e9gralit\u00e9 des int\u00e9r\u00eats intercalaires li\u00e9s au report des \u00e9ch\u00e9ances de cr\u00e9dits. On apprend que les membres du CVE, apr\u00e8s \u00e9change et concertation, ont convenu d\u2019un ensemble de mesures qui concernent aussi bien les particuliers que les entreprises.<\/p>\n<p>Ainsi, pour les particuliers\u00a0dont les revenus ont baiss\u00e9 du fait de l\u2019\u00e9tat d\u2019urgence sanitaire d\u00e9cr\u00e9t\u00e9, il a \u00e9t\u00e9 d\u00e9cid\u00e9 que l\u2019Etat et le secteur bancaire prendront en charge l\u2019int\u00e9gralit\u00e9 des int\u00e9r\u00eats intercalaires, g\u00e9n\u00e9r\u00e9s par le report des \u00e9ch\u00e9ances des <strong>cr\u00e9dits logement<\/strong> et consommation pour la p\u00e9riode s\u2019\u00e9talant entre mars \u00e0 juin 2020.\u00a0Cette mesure est valable pour les personnes ayant des \u00e9ch\u00e9ances mensuelles de cr\u00e9dit allant jusqu\u2019\u00e0 3.000 DH pour les cr\u00e9dits logement et 1.500 DH pour les cr\u00e9dits consommation, y compris ceux contract\u00e9s aupr\u00e8s des soci\u00e9t\u00e9s de financement.\u00a0Il est \u00e0 signaler qu\u2019environ 400.000 personnes devraient b\u00e9n\u00e9ficier du report des \u00e9ch\u00e9ances de cr\u00e9dits.<\/p>\n<p>Lire aussi: <a href=\"https:\/\/www.challenge.ma\/resultats-financiers-attijariwafa-bank-maintient-le-cap-au-terme-du-1er-trimestre-2020-139835\/\">R\u00e9sultats financiers: Attijariwafa bank maintient le cap au terme du 1er trimestre 2020<\/a><\/p>\n<p>En ce qui concerneles entreprises\u00a0et en vue de pr\u00e9parer les conditions d\u2019une reprise acc\u00e9l\u00e9r\u00e9e de leurs activit\u00e9s, le CVE a pris la d\u00e9cision de mettre en place\u00a0un nouveau dispositif, massif, souple dans sa mise en \u0153uvre, et couvrant l\u2019ensemble des segments des entreprises composant le tissu national. Notons que dans ce cadre, <strong>Damane Oxyg\u00e8ne<\/strong>\u00a0sera revu et assoupli, avec une am\u00e9lioration des conditions d\u2019acc\u00e8s au financement pour le red\u00e9marrage, en faveur des Tr\u00e8s Petites Entreprises (TPE), des Petites et Moyennes Entreprises (PME) et des Entreprises de Taille Interm\u00e9diaire (ETI).\u00a0Il sera prorog\u00e9 jusqu\u2019au 31 d\u00e9cembre 2020 et aucune s\u00fbret\u00e9 ne sera d\u00e9sormais exig\u00e9e. Il faut noter aussi que les <strong>entreprises<\/strong> r\u00e9alisant un chiffre d\u2019affaires de plus de 500 millions de DH seront int\u00e9gr\u00e9es dans un dispositif appropri\u00e9 pour le financement de la relance.<\/p>\n<p>Les m\u00e9canismes et les modalit\u00e9s op\u00e9rationnelles de ce dispositif seront finalis\u00e9s incessamment par un comit\u00e9 constitu\u00e9 par le Minist\u00e8re de l\u2019Economie, des Finances et de la R\u00e9forme de l\u2019Administration, Bank Al Maghrib, la CGEM et le <strong>GPBM<\/strong>. Force est de souligner aussi que le CVE s\u2019est \u00e9galement pench\u00e9 sur la situation des Etablissements et Entreprises Publics (EEP). A ce sujet, il a \u00e9t\u00e9 convenu la cr\u00e9ation d\u2019un fonds de garantie sp\u00e9cifique permettant \u00e0 ces EEP impact\u00e9s par le <strong>COVID-19<\/strong> de lever de nouvelles ressources financi\u00e8res n\u00e9cessaires au renforcement de leurs financements permanents et, partant, leur assurer un d\u00e9veloppement soutenable et durable de leurs activit\u00e9s.<\/p>\n<p>Ainsi, l\u2019Etat manifeste un engagement fort pour la relance \u00e9conomique, et soutient les banques pour l\u2019octroi de <strong>financements massifs<\/strong> aupr\u00e8s de tous les segments des entreprises, priv\u00e9es et publiques, en vue de pr\u00e9server l\u2019emploi, r\u00e9duire fortement les cr\u00e9dits inter-entreprises, et restaurer la confiance.Enfin, les membres du Comit\u00e9 ont pris acte du lancement r\u00e9ussi du processus d\u2019\u00e9laboration des plans de relance sectoriels par les d\u00e9partements concern\u00e9s et la <strong>CGEM<\/strong> et ce, conform\u00e9ment \u00e0 la d\u00e9marche ent\u00e9rin\u00e9e lors du dernier CVE. Ces plans feront l\u2019objet d\u2019\u00e9tude et de discussion lors des prochaines r\u00e9unions du CVE, avant d\u2019\u00eatre consolid\u00e9s et mis en coh\u00e9rence dans le cadre d\u2019un plan de relance global.<\/p>\n<div class=\"c17\">\n<fieldset class=\"c16\">\n<legend><strong><span class=\"c11\">Challenge<\/span><span class=\"c12\">news<\/span><\/strong><\/legend>\n<div class=\"c15\">Le meilleur de Challenge s\u00e9lectionn\u00e9 par la r\u00e9daction :<\/p>\n<\/div>\n<\/fieldset>\n<\/div>\n<p>Auteur: challenge<br \/>\n<a href=\"https:\/\/www.challenge.ma\/report-de-credits-letat-et-le-secteur-bancaire-prendront-en-charge-lintegralite-des-interets-intercalaires-139840\/\">Cliquez ici pour lire l&rsquo;article depuis sa source.<\/a><\/p>\n","protected":false},"excerpt":{"rendered":"<p>Le Comit\u00e9\u00a0 de veille \u00e9conomique, qui a tenu sa 7\u00e8mer\u00e9union ce vendredi 8 mai, a d\u00e9cid\u00e9 que les personnes ayant demand\u00e9 le report des \u00e9ch\u00e9ances n\u2019auront pas \u00e0 supporter les int\u00e9r\u00eats y aff\u00e9rents. Voici l\u2019essentiel \u00e0 retenir de la r\u00e9union. C\u2019est l\u2019une des plus importantes d\u00e9cisions prises par le Comit\u00e9 de veille \u00e9conomique (CVE) lors [&hellip;]<\/p>\n","protected":false},"author":1787,"featured_media":0,"comment_status":"closed","ping_status":"closed","sticky":false,"template":"","format":"standard","meta":{"fifu_image_url":"","fifu_image_alt":"","footnotes":""},"categories":[78,54],"tags":[],"class_list":["post-84791","post","type-post","status-publish","format-standard","hentry","category-economie","category-maroc"],"_links":{"self":[{"href":"https:\/\/linitiative.ca\/International\/wp-json\/wp\/v2\/posts\/84791","targetHints":{"allow":["GET"]}}],"collection":[{"href":"https:\/\/linitiative.ca\/International\/wp-json\/wp\/v2\/posts"}],"about":[{"href":"https:\/\/linitiative.ca\/International\/wp-json\/wp\/v2\/types\/post"}],"author":[{"embeddable":true,"href":"https:\/\/linitiative.ca\/International\/wp-json\/wp\/v2\/users\/1787"}],"replies":[{"embeddable":true,"href":"https:\/\/linitiative.ca\/International\/wp-json\/wp\/v2\/comments?post=84791"}],"version-history":[{"count":0,"href":"https:\/\/linitiative.ca\/International\/wp-json\/wp\/v2\/posts\/84791\/revisions"}],"wp:attachment":[{"href":"https:\/\/linitiative.ca\/International\/wp-json\/wp\/v2\/media?parent=84791"}],"wp:term":[{"taxonomy":"category","embeddable":true,"href":"https:\/\/linitiative.ca\/International\/wp-json\/wp\/v2\/categories?post=84791"},{"taxonomy":"post_tag","embeddable":true,"href":"https:\/\/linitiative.ca\/International\/wp-json\/wp\/v2\/tags?post=84791"}],"curies":[{"name":"wp","href":"https:\/\/api.w.org\/{rel}","templated":true}]}}