{"id":84792,"date":"2020-05-08T15:17:28","date_gmt":"2020-05-08T19:17:28","guid":{"rendered":"https:\/\/linitiative.ca\/International\/coronavirus-voici-ce-quil-faut-retenir-du-traitement-comptable-derogatoire-de-charges-liees-a-la-pandemie\/"},"modified":"2020-05-08T15:17:28","modified_gmt":"2020-05-08T19:17:28","slug":"coronavirus-voici-ce-quil-faut-retenir-du-traitement-comptable-derogatoire-de-charges-liees-a-la-pandemie","status":"publish","type":"post","link":"https:\/\/linitiative.ca\/International\/coronavirus-voici-ce-quil-faut-retenir-du-traitement-comptable-derogatoire-de-charges-liees-a-la-pandemie\/","title":{"rendered":"Coronavirus: Voici ce qu\u2019il faut retenir du traitement comptable d\u00e9rogatoire de charges li\u00e9es \u00e0 la pand\u00e9mie"},"content":{"rendered":"<p><strong>Face \u00e0 la crise de la pand\u00e9mie du Covid-19 et ses cons\u00e9quences sur l\u2019\u00e9conomie nationale, le Conseil National de la Comptabilit\u00e9 a \u00e9t\u00e9 saisi, le 20 avril 2020 par le Comit\u00e9 de Veille Economique (CVE) en vue de proposer un avis r\u00e9gissant le traitement comptable d\u00e9rogatoire de charges li\u00e9es \u00e0 la pand\u00e9mie de Covid-19. Les d\u00e9tails<\/strong> <strong>\u00e0 t\u00e9l\u00e9charger ci-dessous.<\/strong><\/p>\n<div class=\"c16\">\n<fieldset class=\"c15\">\n<legend><strong><span class=\"c10\">Challenge<\/span><span class=\"c11\">news<\/span><\/strong><\/legend>\n<div class=\"c14\">Le meilleur de Challenge s\u00e9lectionn\u00e9 par la r\u00e9daction :<\/p>\n<\/div>\n<\/fieldset>\n<\/div>\n<p>Auteur: challenge<br \/>\n<a href=\"https:\/\/www.challenge.ma\/coronavirus-voici-ce-quil-faut-retenir-du-traitement-comptable-derogatoire-de-charges-liees-a-la-pandemie-139842\/\">Cliquez ici pour lire l&rsquo;article depuis sa source.<\/a><\/p>\n","protected":false},"excerpt":{"rendered":"<p>Face \u00e0 la crise de la pand\u00e9mie du Covid-19 et ses cons\u00e9quences sur l\u2019\u00e9conomie nationale, le Conseil National de la Comptabilit\u00e9 a \u00e9t\u00e9 saisi, le 20 avril 2020 par le Comit\u00e9 de Veille Economique (CVE) en vue de proposer un avis r\u00e9gissant le traitement comptable d\u00e9rogatoire de charges li\u00e9es \u00e0 la pand\u00e9mie de Covid-19. Les [&hellip;]<\/p>\n","protected":false},"author":1787,"featured_media":0,"comment_status":"closed","ping_status":"closed","sticky":false,"template":"","format":"standard","meta":{"fifu_image_url":"","fifu_image_alt":"","footnotes":""},"categories":[78,54],"tags":[],"class_list":["post-84792","post","type-post","status-publish","format-standard","hentry","category-economie","category-maroc"],"_links":{"self":[{"href":"https:\/\/linitiative.ca\/International\/wp-json\/wp\/v2\/posts\/84792","targetHints":{"allow":["GET"]}}],"collection":[{"href":"https:\/\/linitiative.ca\/International\/wp-json\/wp\/v2\/posts"}],"about":[{"href":"https:\/\/linitiative.ca\/International\/wp-json\/wp\/v2\/types\/post"}],"author":[{"embeddable":true,"href":"https:\/\/linitiative.ca\/International\/wp-json\/wp\/v2\/users\/1787"}],"replies":[{"embeddable":true,"href":"https:\/\/linitiative.ca\/International\/wp-json\/wp\/v2\/comments?post=84792"}],"version-history":[{"count":0,"href":"https:\/\/linitiative.ca\/International\/wp-json\/wp\/v2\/posts\/84792\/revisions"}],"wp:attachment":[{"href":"https:\/\/linitiative.ca\/International\/wp-json\/wp\/v2\/media?parent=84792"}],"wp:term":[{"taxonomy":"category","embeddable":true,"href":"https:\/\/linitiative.ca\/International\/wp-json\/wp\/v2\/categories?post=84792"},{"taxonomy":"post_tag","embeddable":true,"href":"https:\/\/linitiative.ca\/International\/wp-json\/wp\/v2\/tags?post=84792"}],"curies":[{"name":"wp","href":"https:\/\/api.w.org\/{rel}","templated":true}]}}