{"id":84796,"date":"2020-05-08T15:07:01","date_gmt":"2020-05-08T19:07:01","guid":{"rendered":"https:\/\/linitiative.ca\/International\/tunisie-zarzis-deces-dun-individu-au-covid-alors-quon-le-croyait-gueri\/"},"modified":"2020-05-08T15:07:01","modified_gmt":"2020-05-08T19:07:01","slug":"tunisie-zarzis-deces-dun-individu-au-covid-alors-quon-le-croyait-gueri","status":"publish","type":"post","link":"https:\/\/linitiative.ca\/International\/tunisie-zarzis-deces-dun-individu-au-covid-alors-quon-le-croyait-gueri\/","title":{"rendered":"Tunisie \u2013 Zarzis\u00a0: D\u00e9c\u00e8s d\u2019un individu au covid alors qu\u2019on le croyait gu\u00e9ri"},"content":{"rendered":"<div class=\"post-cont-in left relative\">\n<p>L\u2019h\u00f4pital r\u00e9gional de Kasserine a enregistr\u00e9, ce vendredi, le d\u00e9c\u00e8s de l\u2019unique malade qui y \u00e9tait hospitalis\u00e9, pour infection au <a href=\"https:\/\/www.tunisienumerique.com\/tunisie-actualite\/coronavirus\/\" title=\"coronavirus\" target=\"_top\" class=\"auto-link\" rel=\"noopener noreferrer\">coronavirus<\/a>. L\u2019individu en question faisait partie des trois membres d\u2019une m\u00eame famille, atteints du coronavirus, et il \u00e9tait le seul \u00e0 \u00eatre hospitalis\u00e9. Sa mort a \u00e9t\u00e9 subite puisqu\u2019il avait eu un dernier pr\u00e9l\u00e8vement qui \u00e9tait revenu, hier, n\u00e9gatif.<\/p>\n<div class=\"code-block code-block-1 c3\"><ins class=\"adsbygoogle c2\" data-ad-layout=\"in-article\" data-ad-format=\"fluid\" data-ad-client=\"ca-pub-2102118777505746\" data-ad-slot=\"7301775417\"\/> <\/div>\n<p>Il s\u2019agit du cinqui\u00e8me d\u00e9c\u00e8s du covid dans la r\u00e9gion de M\u00e9denine.<\/p>\n<div class=\"swp_social_panel swp_horizontal_panel swp_flat_fresh swp_default_full_color swp_individual_full_color swp_other_full_color scale-100 scale-\" data-min-width=\"1100\" data-float-color=\"#ffffff\" data-float=\"bottom\" data-float-mobile=\"bottom\" data-transition=\"slide\">\n<div class=\"nc_tweetContainer swp_share_button total_shares total_sharesalt\"><span class=\"swp_count\">23 <span class=\"swp_label\">Partages<\/span><\/span><\/div>\n<\/div>\n<p><strong>Que se passe-t-il en Tunisie?<\/strong><br \/>Nous expliquons sur notre <a href=\"https:\/\/www.youtube.com\/channel\/UCRzypVq0B_yBad5eGrwBx0Q?sub_confirmation=1\" target=\"_blank\" rel=\"noopener noreferrer\">cha\u00eene YouTube<\/a> . <a href=\"https:\/\/www.youtube.com\/channel\/UCRzypVq0B_yBad5eGrwBx0Q?sub_confirmation=1\" target=\"_blank\" rel=\"noopener noreferrer\">Abonnez-vous!<\/a><\/p>\n<div class=\"mvp-org-wrap mvp-org-logo\" itemprop=\"publisher\" itemscope=\"\" itemtype=\"https:\/\/schema.org\/Organization\"><img decoding=\"async\" src=\"https:\/\/www.tunisienumerique.com\/wp-content\/uploads\/2017\/02\/logo_tunisie_numerique.png\"\/><\/div>\n<div class=\"mvp-related-posts left relative\">\n<h4 class=\"post-header\"><span class=\"post-header\">Lire aussi<\/span><\/h4>\n<\/div>\n<div id=\"article-ad\"><ins class=\"adsbygoogle c4\" data-ad-client=\"ca-pub-2102118777505746\" data-ad-slot=\"6513972734\" data-ad-format=\"auto\" data-full-width-responsive=\"true\"\/> <\/div>\n<\/div>\n<div id=\"post-sidebar-wrap\"><ins class=\"adsbygoogle c4\" data-ad-client=\"ca-pub-2102118777505746\" data-ad-slot=\"6168283410\" data-ad-format=\"auto\" data-full-width-responsive=\"true\"\/> <\/div>\n<p>Auteur: LM<br \/>\n<a href=\"https:\/\/www.tunisienumerique.com\/tunisie-zarzis-deces-dun-individu-au-covid-alors-quon-le-croyait-gueri\/\">Cliquez ici pour lire l&rsquo;article depuis sa source.<\/a><\/p>\n","protected":false},"excerpt":{"rendered":"<p>L\u2019h\u00f4pital r\u00e9gional de Kasserine a enregistr\u00e9, ce vendredi, le d\u00e9c\u00e8s de l\u2019unique malade qui y \u00e9tait hospitalis\u00e9, pour infection au coronavirus. L\u2019individu en question faisait partie des trois membres d\u2019une m\u00eame famille, atteints du coronavirus, et il \u00e9tait le seul \u00e0 \u00eatre hospitalis\u00e9. Sa mort a \u00e9t\u00e9 subite puisqu\u2019il avait eu un dernier pr\u00e9l\u00e8vement qui [&hellip;]<\/p>\n","protected":false},"author":1789,"featured_media":84797,"comment_status":"closed","ping_status":"closed","sticky":false,"template":"","format":"standard","meta":{"fifu_image_url":"","fifu_image_alt":"","footnotes":""},"categories":[73,55],"tags":[],"class_list":["post-84796","post","type-post","status-publish","format-standard","has-post-thumbnail","hentry","category-actualite","category-tunisie"],"_links":{"self":[{"href":"https:\/\/linitiative.ca\/International\/wp-json\/wp\/v2\/posts\/84796","targetHints":{"allow":["GET"]}}],"collection":[{"href":"https:\/\/linitiative.ca\/International\/wp-json\/wp\/v2\/posts"}],"about":[{"href":"https:\/\/linitiative.ca\/International\/wp-json\/wp\/v2\/types\/post"}],"author":[{"embeddable":true,"href":"https:\/\/linitiative.ca\/International\/wp-json\/wp\/v2\/users\/1789"}],"replies":[{"embeddable":true,"href":"https:\/\/linitiative.ca\/International\/wp-json\/wp\/v2\/comments?post=84796"}],"version-history":[{"count":0,"href":"https:\/\/linitiative.ca\/International\/wp-json\/wp\/v2\/posts\/84796\/revisions"}],"wp:featuredmedia":[{"embeddable":true,"href":"https:\/\/linitiative.ca\/International\/wp-json\/"}],"wp:attachment":[{"href":"https:\/\/linitiative.ca\/International\/wp-json\/wp\/v2\/media?parent=84796"}],"wp:term":[{"taxonomy":"category","embeddable":true,"href":"https:\/\/linitiative.ca\/International\/wp-json\/wp\/v2\/categories?post=84796"},{"taxonomy":"post_tag","embeddable":true,"href":"https:\/\/linitiative.ca\/International\/wp-json\/wp\/v2\/tags?post=84796"}],"curies":[{"name":"wp","href":"https:\/\/api.w.org\/{rel}","templated":true}]}}