{"id":84798,"date":"2020-05-08T16:16:07","date_gmt":"2020-05-08T20:16:07","guid":{"rendered":"https:\/\/linitiative.ca\/International\/tunisie-le-ministre-du-commerce-perd-la-bataille-des-patates\/"},"modified":"2020-05-08T16:16:07","modified_gmt":"2020-05-08T20:16:07","slug":"tunisie-le-ministre-du-commerce-perd-la-bataille-des-patates","status":"publish","type":"post","link":"https:\/\/linitiative.ca\/International\/tunisie-le-ministre-du-commerce-perd-la-bataille-des-patates\/","title":{"rendered":"Tunisie \u2013 Le ministre du commerce perd la \u00abbataille\u00bb des patates\u00a0!"},"content":{"rendered":"<div class=\"post-cont-in left relative\">\n<p>Courant de cette semaine, des producteurs de pommes de terre ont organis\u00e9,\u00a0une manifestation\u00a0devant l\u2019Union r\u00e9gionale de l\u2019agriculture \u00e0 Jendouba pour protester contre l\u2019effondrement des prix leur produit. Exprimant leur col\u00e8re, ils ont d\u00e9vers\u00e9 des quantit\u00e9s de leur r\u00e9colte sur la chauss\u00e9e en guise de protestation.<\/p>\n<div class=\"code-block code-block-1 c3\"><ins class=\"adsbygoogle c2\" data-ad-layout=\"in-article\" data-ad-format=\"fluid\" data-ad-client=\"ca-pub-2102118777505746\" data-ad-slot=\"7301775417\"\/> <\/div>\n<p>L\u2019\u00e9chec du Minist\u00e8re du commerce\u00a0dans la gestion de la crise des pommes de terre est flagrant. En, effet, il aurait d\u00fb pr\u00e9voir d\u00e8s le d\u00e9but de la propagation du <a href=\"https:\/\/www.tunisienumerique.com\/tunisie-actualite\/coronavirus\/\" title=\"coronavirus\" target=\"_top\" class=\"auto-link\" rel=\"noopener noreferrer\">coronavirus<\/a> que la production des pommes de terre ne pourrait plus \u00eatre absorb\u00e9e par ses grands consommateurs qui ont \u00e9t\u00e9 les premiers concern\u00e9s par le confinement.<\/p>\n<p>Il s\u2019agit en fait des restaurants, des grandes surfaces, des cantines scolaires, des r\u00e9fectoires, des restaurants universitaires, etc.<\/p>\n<p>Mieux encore, le Minist\u00e8re n\u2019a rien fait pour dynamiser l\u2019export des stocks de pommes de terre sachant qu\u2019il devrait \u00eatre normalement trouver leur\u00a0 place dans\u00a0la nouvelle ligne de transport maritime entre Sfax et Tripoli,\u00a0qui est\u00a0de surcro\u00eet sans aucune rentabilit\u00e9 commerciale, pour r\u00e9sorber les surplus de la production.<\/p>\n<p>Cependant, le ministre du commerce n\u2019a cess\u00e9 de d\u00e9frayer la chronique, depuis son arriv\u00e9e au minist\u00e8re.<\/p>\n<p>En fait, il a annonc\u00e9 \u2013 sans pr\u00e9senter aucune preuve \u2013 le 23 mars dernier lors de son passage \u00e0 une chaine t\u00e9l\u00e9vis\u00e9e priv\u00e9e, qu\u2019un navire charg\u00e9 d\u2019alcool destin\u00e9 \u00e0 la Tunisie pour la fabrication de gel hydro-alcoolique a \u00e9t\u00e9 d\u00e9tourn\u00e9 en mer par des italiens qui se sont empar\u00e9s de la cargaison\u00a0!<\/p>\n<p>Juste un jour apr\u00e8s, il a carr\u00e9ment mis les pieds dans le plat en niant avoir accus\u00e9 l\u2019Italie de d\u00e9tourner le navire charg\u00e9 d\u2019alcool consacr\u00e9 \u00e0 la fabrication du gel hydro-alcoolique. De plus, il a accus\u00e9 des parties am\u00e9ricaines de d\u00e9tourner\u00a0une\u00a0cargaison de produits\u00a0m\u00e9dicaux\u00a0destin\u00e9s \u00e0 la Tunisie et qu\u2019il n\u2019a pas pu d\u00e9signer, \u00e9videmment, aussi faute de preuve.<\/p>\n<p>Dieu merci qu\u2019il n\u2019y a pas eu d\u2019incidents diplomatiques, puisqu\u2019il est presque \u00e9vident que les parties \u00ab\u00a0inculp\u00e9es\u00a0\u00bb par le ministre ont tout simplement ignor\u00e9 ce bruit engendr\u00e9 par des affaires rocambolesques.En\u00a0pleine crise, le minist\u00e8re du commerce n\u2019a jamais donn\u00e9 aucune explication sur les vraies causes de la p\u00e9nurie de semoule et de farine, g\u00e9r\u00e9es, en exclusivit\u00e9 ou plut\u00f4t en \u00ab\u00a0franchise\u00a0\u00bb par la contrebande.<\/p>\n<p>Sur un autre plan et jusqu\u2019\u00e0 aujourd\u2019hui, la commercialisation des bavettes et du gel hydro-alcoolique est l\u2019objet de toutes les pol\u00e9miques en raison de la gestion d\u00e9sastreuse des op\u00e9rations de fixation de leurs prix et leurs distribution sans \u00e9voquer leur qualit\u00e9 qui est contest\u00e9e, \u00e0 grande \u00e9chelle, et en l\u2019occurrence par les m\u00e9decins et les pharmaciens et les ordres qui les repr\u00e9sentent, et ce, particuli\u00e8rement pour les bavettes.<\/p>\n<p>Bref, faut-il s\u2019attendre \u00e0 d\u2019autres bourdes, du bruit inutile et surtout des perturbations dans d\u2019autres secteurs sensibles puisque le minist\u00e8re du commerce \u00ab\u00a0ignore\u00a0\u00bb pratiquement tous les probl\u00e8mes qu\u2019il soit cens\u00e9 g\u00e9rer ou prend dans certains cas, tr\u00e8s rares, des\u00a0demi-mesures qui sont r\u00e9ellement des mesurettes inefficaces.<\/p>\n<div class=\"swp_social_panel swp_horizontal_panel swp_flat_fresh swp_default_full_color swp_individual_full_color swp_other_full_color scale-100 scale-\" data-min-width=\"1100\" data-float-color=\"#ffffff\" data-float=\"bottom\" data-float-mobile=\"bottom\" data-transition=\"slide\">\n<div class=\"nc_tweetContainer swp_share_button total_shares total_sharesalt\"><span class=\"swp_count\">14 <span class=\"swp_label\">Partages<\/span><\/span><\/div>\n<\/div>\n<p><strong>Que se passe-t-il en Tunisie?<\/strong><br \/>Nous expliquons sur notre <a href=\"https:\/\/www.youtube.com\/channel\/UCRzypVq0B_yBad5eGrwBx0Q?sub_confirmation=1\" target=\"_blank\" rel=\"noopener noreferrer\">cha\u00eene YouTube<\/a> . <a href=\"https:\/\/www.youtube.com\/channel\/UCRzypVq0B_yBad5eGrwBx0Q?sub_confirmation=1\" target=\"_blank\" rel=\"noopener noreferrer\">Abonnez-vous!<\/a><\/p>\n<div class=\"mvp-org-wrap mvp-org-logo\" itemprop=\"publisher\" itemscope=\"\" itemtype=\"https:\/\/schema.org\/Organization\"><img decoding=\"async\" src=\"https:\/\/www.tunisienumerique.com\/wp-content\/uploads\/2017\/02\/logo_tunisie_numerique.png\"\/><\/div>\n<div class=\"post-tags\"><span class=\"post-tags-header\">Sujets Connexes:<\/span><\/div>\n<div id=\"article-ad\"><ins class=\"adsbygoogle c4\" data-ad-client=\"ca-pub-2102118777505746\" data-ad-slot=\"6513972734\" data-ad-format=\"auto\" data-full-width-responsive=\"true\"\/> <\/div>\n<\/div>\n<div id=\"post-sidebar-wrap\"><ins class=\"adsbygoogle c4\" data-ad-client=\"ca-pub-2102118777505746\" data-ad-slot=\"6168283410\" data-ad-format=\"auto\" data-full-width-responsive=\"true\"\/> <\/div>\n<p>Auteur: Mohamed Ben Abderrazek<br \/>\n<a href=\"https:\/\/www.tunisienumerique.com\/tunisie-le-ministre-du-commerce-perd-la-bataille-des-patates\/\">Cliquez ici pour lire l&rsquo;article depuis sa source.<\/a><\/p>\n","protected":false},"excerpt":{"rendered":"<p>Courant de cette semaine, des producteurs de pommes de terre ont organis\u00e9,\u00a0une manifestation\u00a0devant l\u2019Union r\u00e9gionale de l\u2019agriculture \u00e0 Jendouba pour protester contre l\u2019effondrement des prix leur produit. Exprimant leur col\u00e8re, ils ont d\u00e9vers\u00e9 des quantit\u00e9s de leur r\u00e9colte sur la chauss\u00e9e en guise de protestation. L\u2019\u00e9chec du Minist\u00e8re du commerce\u00a0dans la gestion de la crise [&hellip;]<\/p>\n","protected":false},"author":1789,"featured_media":84799,"comment_status":"closed","ping_status":"closed","sticky":false,"template":"","format":"standard","meta":{"fifu_image_url":"","fifu_image_alt":"","footnotes":""},"categories":[73,55],"tags":[],"class_list":["post-84798","post","type-post","status-publish","format-standard","has-post-thumbnail","hentry","category-actualite","category-tunisie"],"_links":{"self":[{"href":"https:\/\/linitiative.ca\/International\/wp-json\/wp\/v2\/posts\/84798","targetHints":{"allow":["GET"]}}],"collection":[{"href":"https:\/\/linitiative.ca\/International\/wp-json\/wp\/v2\/posts"}],"about":[{"href":"https:\/\/linitiative.ca\/International\/wp-json\/wp\/v2\/types\/post"}],"author":[{"embeddable":true,"href":"https:\/\/linitiative.ca\/International\/wp-json\/wp\/v2\/users\/1789"}],"replies":[{"embeddable":true,"href":"https:\/\/linitiative.ca\/International\/wp-json\/wp\/v2\/comments?post=84798"}],"version-history":[{"count":0,"href":"https:\/\/linitiative.ca\/International\/wp-json\/wp\/v2\/posts\/84798\/revisions"}],"wp:featuredmedia":[{"embeddable":true,"href":"https:\/\/linitiative.ca\/International\/wp-json\/"}],"wp:attachment":[{"href":"https:\/\/linitiative.ca\/International\/wp-json\/wp\/v2\/media?parent=84798"}],"wp:term":[{"taxonomy":"category","embeddable":true,"href":"https:\/\/linitiative.ca\/International\/wp-json\/wp\/v2\/categories?post=84798"},{"taxonomy":"post_tag","embeddable":true,"href":"https:\/\/linitiative.ca\/International\/wp-json\/wp\/v2\/tags?post=84798"}],"curies":[{"name":"wp","href":"https:\/\/api.w.org\/{rel}","templated":true}]}}