{"id":84800,"date":"2020-05-08T16:41:48","date_gmt":"2020-05-08T20:41:48","guid":{"rendered":"https:\/\/linitiative.ca\/International\/par-maher-ben-ghachem-88-de-filles-au-dernier-concours-de-residanat-de-medecine\/"},"modified":"2020-05-08T16:41:48","modified_gmt":"2020-05-08T20:41:48","slug":"par-maher-ben-ghachem-88-de-filles-au-dernier-concours-de-residanat-de-medecine","status":"publish","type":"post","link":"https:\/\/linitiative.ca\/International\/par-maher-ben-ghachem-88-de-filles-au-dernier-concours-de-residanat-de-medecine\/","title":{"rendered":"Par Maher Ben Ghachem : 88% de filles au dernier concours de r\u00e9sidanat de m\u00e9decine"},"content":{"rendered":"<div class=\"post-cont-in left relative\">\n<p>Rien d\u2019\u00e9tonnant.<\/p>\n<div class=\"code-block code-block-1 c3\"><ins class=\"adsbygoogle c2\" data-ad-layout=\"in-article\" data-ad-format=\"fluid\" data-ad-client=\"ca-pub-2102118777505746\" data-ad-slot=\"7301775417\"\/> <\/div>\n<p>Le probl\u00e8me de la scolarisation doit \u00eatre au centre du d\u00e9bat si on veut changer les choses dans ce monde qui allait mal depuis longtemps avec des crises sociales inimaginables bien illustr\u00e9es par le soul\u00e8vement des gilets jaunes en France devant un pr\u00e9sident \u00e9lu par une large majorit\u00e9 et b\u00e9n\u00e9ficiant d\u2019une majorit\u00e9 parlementaire confortable.<\/p>\n<p>Et en cette p\u00e9riode de pand\u00e9mie et de stop de toute la plan\u00e8te, on d\u00e9couvre de fa\u00e7on encore plus brutale qu\u2019il y a des m\u00e9tiers essentiels, comme le domaine medical et celui de l\u2019alimentation, et des m\u00e9tiers dont l\u2019emploi est tr\u00e8s fragile qui se sont vus stopp\u00e9s net! Tout le monde dit que plus rien ne sera comme avant\u2026 mais personne n\u2019a dit que faire. Je crois que le plus important est de penser le monde autrement, et pour cela il faut absolument revoir l\u2019enseignement de nos enfants.<\/p>\n<p>En fait et naturellement il a toujours exist\u00e9 une injustice dans le fait qu\u2019on scolarise les gar\u00e7ons et les filles au m\u00eame \u00e2ge\u2026<\/p>\n<p>Ce qui fait qu\u2019\u00e0 la fin du cycle secondaire quand tout se passe bien, ils arrivent au bac \u00e0 17-18 Ans pour passer un examen d\u00e9cisif dans leur orientation scolaire.<\/p>\n<p>Or dans cette tranche d\u2019\u00e2ge physiologiquement la maturit\u00e9 des deux sexes n\u2019est pas la m\u00eame ce qui explique certains retards accus\u00e9s chez les gar\u00e7ons.<\/p>\n<p>Ainsi les filles obtiennent les meilleures moyennes et donc b\u00e9n\u00e9ficient d\u2019une meilleure orientation. La m\u00e9decine \u00e9tant tr\u00e8s demand\u00e9e, on y retrouve ainsi une majorit\u00e9 de filles, ce qui explique entre autres les 88% de r\u00e9ussite de filles au dernier concours de r\u00e9sidanat.<\/p>\n<p>Autre facteur et non des moindres, selon une \u00e9tude internationale, la m\u00e9decine est de moins en moins attractive dans le monde entier. Plusieurs facteurs y contribuent : la longueur des \u00e9tudes, la difficult\u00e9 de la carri\u00e8re et son aspect peu lucratif compar\u00e9e \u00e0 d\u2019autres fili\u00e8res comme la finance ou autres comme le marketing et le commercial.<\/p>\n<p>Mais voyons d\u2019une fa\u00e7on g\u00e9n\u00e9rale et sans distinction de sexe comment au 21eme si\u00e8cle le cycle d\u2019enseignement est devenu inad\u00e9quat et ne s\u2019est pas adapt\u00e9 au changement de la dur\u00e9e de vie de l\u2019\u00eatre humain.<\/p>\n<p>Prenons quelques chiffres:<\/p>\n<p>Dur\u00e9e de vie moyenne de l\u2019\u00eatre humain au 19eme si\u00e8cle est de 40 Ans, et elle est pass\u00e9e \u00e0 75 A actuellement. L\u2019\u00e9cole est devenue obligatoire en France fin du 19eme si\u00e8cle, avec scolarisation \u00e0 partir de 6A\u2026 Rien n\u2019a chang\u00e9 depuis\u2026..<\/p>\n<p>Au 21eme Nous assistons \u00e0 des difficult\u00e9s d\u2019insertion sociale en fin d\u2019\u00e9tudes du 1er cycle. Les \u00e9tudes se sont allong\u00e9es avec un 3\u00e8me cycle, et l\u2019offre d\u2019emploi est de plus en plus exigeante, ce qui pousse de plus en plus les \u00e9tudes.<\/p>\n<p>Nous assistons \u00e0 l\u2019apparition d\u2019une autre tranche d\u2019\u00e2ge : l\u2019adulescence qui vient s\u2019incruster entre l\u2019adolescence, o\u00f9 les enfants sont pris en charge par leurs parents, et l\u2019\u00e2ge adulte qui permet sa propre prise en charge. Les enfants quittent de plus en plus tard les jupons des parents et c\u2019est loin d\u2019\u00eatre leur faute puisqu\u2019ils se trouvent dans une soci\u00e9t\u00e9 qui n\u2019a pas su s\u2019adapter \u00e0 notre si\u00e8cle, o\u00f9 mourir \u00e0 75A est consid\u00e9r\u00e9 comme pr\u00e9coce\u2026<\/p>\n<p>Comment rem\u00e9dier \u00e0 cette situation c\u2019est bien le sujet de r\u00e9flexion que j\u2019ai provoqu\u00e9 avec plusieurs dans mon entourage. Il me semble qu\u2019il faut r\u00e9inventer l\u2019\u00e9cole. Si mettre les enfants en classe \u00e0 partir de 6ans reste une bonne chose, au moins pour d\u00e9velopper leur sociabilit\u00e9 et \u00eatre vite mis en concurrence, il faut d\u00e9marrer l\u2019enseignement th\u00e9orique des connaissances bien plus tard, vers 10A!<\/p>\n<p>Entre 6 et 10 A, on apprend \u00e0 lire et \u00e9crire mais on doit surtout r\u00e9veiller en eux les dons inn\u00e9s. Il faut organiser des ateliers de peintures, de th\u00e9\u00e2tre, des randonn\u00e9es de d\u00e9couvertes, des activit\u00e9s manuelles, apprendre la cuisine, la couture, d\u00e9velopper le bricolage\u2026 etc \u00a0etc\u2026sans oublier les activit\u00e9s sportives bien s\u00fbr Bien s\u00fbr tout cela est \u00e0 organiser avec des psychologues, des p\u00e9dagogues et n\u00e9cessite une toute autre organisation de l\u2019\u00e9cole avec tout ce que cela implique comme moyens humains et mat\u00e9riels\u2026.<\/p>\n<p>En fait l\u2019\u00e9cole devrait amener les filles et les gar\u00e7ons \u00e0 passer les examens essentiels dans leur orientation \u00e0 une p\u00e9riode o\u00f9 ils se rejoignent sur le plan de la maturit\u00e9. La fin du cycle secondaire devrait se situer vers 21-22A, et la fin de leurs \u00e9tudes serait vers 30A, \u00e2ge o\u00f9 ils seront pr\u00eats pour une insertion rapide dans le monde du travail\u2026.<\/p>\n<p>Entre 6 et 10A, beaucoup d\u2019entre eux auraient d\u00e9couvert des m\u00e9tiers manuels et quitteraient les \u00e9tudes pour s\u2019ins\u00e9rer rapidement dans la soci\u00e9t\u00e9. L\u2019\u00e9cole de la vie devrait s\u2019ouvrir plus t\u00f4t \u00e0 nos enfants pour leur donner plus de chance \u00e0 d\u00e9couvrir rapidement leur chemin.<\/p>\n<div class=\"swp_social_panel swp_horizontal_panel swp_flat_fresh swp_default_full_color swp_individual_full_color swp_other_full_color scale-100 scale-\" data-min-width=\"1100\" data-float-color=\"#ffffff\" data-float=\"bottom\" data-float-mobile=\"bottom\" data-transition=\"slide\">\n<div class=\"nc_tweetContainer swp_share_button total_shares total_sharesalt\"><span class=\"swp_count\">18 <span class=\"swp_label\">Partages<\/span><\/span><\/div>\n<\/div>\n<p><strong>Que se passe-t-il en Tunisie?<\/strong><br \/>Nous expliquons sur notre <a href=\"https:\/\/www.youtube.com\/channel\/UCRzypVq0B_yBad5eGrwBx0Q?sub_confirmation=1\" target=\"_blank\" rel=\"noopener noreferrer\">cha\u00eene YouTube<\/a> . <a href=\"https:\/\/www.youtube.com\/channel\/UCRzypVq0B_yBad5eGrwBx0Q?sub_confirmation=1\" target=\"_blank\" rel=\"noopener noreferrer\">Abonnez-vous!<\/a><\/p>\n<div class=\"mvp-org-wrap mvp-org-logo\" itemprop=\"publisher\" itemscope=\"\" itemtype=\"https:\/\/schema.org\/Organization\"><img decoding=\"async\" src=\"https:\/\/www.tunisienumerique.com\/wp-content\/uploads\/2017\/02\/logo_tunisie_numerique.png\"\/><\/div>\n<div class=\"mvp-related-posts left relative\">\n<h4 class=\"post-header\"><span class=\"post-header\">Lire aussi<\/span><\/h4>\n<\/div>\n<div id=\"article-ad\"><ins class=\"adsbygoogle c4\" data-ad-client=\"ca-pub-2102118777505746\" data-ad-slot=\"6513972734\" data-ad-format=\"auto\" data-full-width-responsive=\"true\"\/> <\/div>\n<\/div>\n<div id=\"post-sidebar-wrap\"><ins class=\"adsbygoogle c4\" data-ad-client=\"ca-pub-2102118777505746\" data-ad-slot=\"6168283410\" data-ad-format=\"auto\" data-full-width-responsive=\"true\"\/> <\/div>\n<p>Auteur: Tunisie Num\u00e9rique<br \/>\n<a href=\"https:\/\/www.tunisienumerique.com\/par-maher-ben-ghachem-88-de-filles-au-dernier-concours-de-residanat-de-medecine\/\">Cliquez ici pour lire l&rsquo;article depuis sa source.<\/a><\/p>\n","protected":false},"excerpt":{"rendered":"<p>Rien d\u2019\u00e9tonnant. Le probl\u00e8me de la scolarisation doit \u00eatre au centre du d\u00e9bat si on veut changer les choses dans ce monde qui allait mal depuis longtemps avec des crises sociales inimaginables bien illustr\u00e9es par le soul\u00e8vement des gilets jaunes en France devant un pr\u00e9sident \u00e9lu par une large majorit\u00e9 et b\u00e9n\u00e9ficiant d\u2019une majorit\u00e9 parlementaire [&hellip;]<\/p>\n","protected":false},"author":1789,"featured_media":84801,"comment_status":"closed","ping_status":"closed","sticky":false,"template":"","format":"standard","meta":{"fifu_image_url":"","fifu_image_alt":"","footnotes":""},"categories":[73,55],"tags":[],"class_list":["post-84800","post","type-post","status-publish","format-standard","has-post-thumbnail","hentry","category-actualite","category-tunisie"],"_links":{"self":[{"href":"https:\/\/linitiative.ca\/International\/wp-json\/wp\/v2\/posts\/84800","targetHints":{"allow":["GET"]}}],"collection":[{"href":"https:\/\/linitiative.ca\/International\/wp-json\/wp\/v2\/posts"}],"about":[{"href":"https:\/\/linitiative.ca\/International\/wp-json\/wp\/v2\/types\/post"}],"author":[{"embeddable":true,"href":"https:\/\/linitiative.ca\/International\/wp-json\/wp\/v2\/users\/1789"}],"replies":[{"embeddable":true,"href":"https:\/\/linitiative.ca\/International\/wp-json\/wp\/v2\/comments?post=84800"}],"version-history":[{"count":0,"href":"https:\/\/linitiative.ca\/International\/wp-json\/wp\/v2\/posts\/84800\/revisions"}],"wp:featuredmedia":[{"embeddable":true,"href":"https:\/\/linitiative.ca\/International\/wp-json\/"}],"wp:attachment":[{"href":"https:\/\/linitiative.ca\/International\/wp-json\/wp\/v2\/media?parent=84800"}],"wp:term":[{"taxonomy":"category","embeddable":true,"href":"https:\/\/linitiative.ca\/International\/wp-json\/wp\/v2\/categories?post=84800"},{"taxonomy":"post_tag","embeddable":true,"href":"https:\/\/linitiative.ca\/International\/wp-json\/wp\/v2\/tags?post=84800"}],"curies":[{"name":"wp","href":"https:\/\/api.w.org\/{rel}","templated":true}]}}