{"id":84802,"date":"2020-05-08T16:42:28","date_gmt":"2020-05-08T20:42:28","guid":{"rendered":"https:\/\/linitiative.ca\/International\/tunisie-abir-moussi-audio-il-est-strictement-illegal-que-rached-ghannouchi-delegue-le-pouvoir-de-signature-a-habib-khedher\/"},"modified":"2020-05-08T16:42:28","modified_gmt":"2020-05-08T20:42:28","slug":"tunisie-abir-moussi-audio-il-est-strictement-illegal-que-rached-ghannouchi-delegue-le-pouvoir-de-signature-a-habib-khedher","status":"publish","type":"post","link":"https:\/\/linitiative.ca\/International\/tunisie-abir-moussi-audio-il-est-strictement-illegal-que-rached-ghannouchi-delegue-le-pouvoir-de-signature-a-habib-khedher\/","title":{"rendered":"Tunisie \u2013 Abir Moussi\u00a0: AUDIO\u00a0: Il est strictement ill\u00e9gal que Rached Ghannouchi d\u00e9l\u00e8gue le pouvoir de signature \u00e0 Habib Khedher"},"content":{"rendered":"<div class=\"post-cont-in left relative\">\n<p>La pr\u00e9sidente du bloc du PDL \u00e0 l\u2019ARP, <a href=\"https:\/\/www.tunisienumerique.com\/tunisie-actualite\/abir-moussi\/\" title=\"Abir Moussi\" target=\"_top\" class=\"auto-link\" rel=\"noopener noreferrer\">Abir Moussi<\/a> a confirm\u00e9 au micro de TunisieNumerique, l\u2019information selon laquelle <a href=\"https:\/\/www.tunisienumerique.com\/tunisie-actualite\/rached-ghannouchi\/\" title=\"Rached Ghanouchi\" target=\"_top\" class=\"auto-link\" rel=\"noopener noreferrer\">Rached Ghanouchi<\/a> a d\u00e9l\u00e9gu\u00e9 son pouvoir de signature \u00e0 Habib Khedher, son chef de cabinet. Ce qui est strictement ill\u00e9gal et contraire aux r\u00e8glements de l\u2019assembl\u00e9e. Elle a confirm\u00e9 qu\u2019il y a une d\u00e9cision du pr\u00e9sident de l\u2019ARP dat\u00e9e du 13 mars 2020, et publi\u00e9e sur le jort, en rapport avec une d\u00e9l\u00e9gation de signature du pr\u00e9sident de l\u2019assembl\u00e9e. A la fois de laquelle, Rached Ghanouchi d\u00e9l\u00e8gue le pouvoir de signature, \u00e0 Habib Khedher, son chef de cabinet, et son neveu, en citant sa qualit\u00e9 d\u2019assistant universitaire. Khedher obtient, ainsi, le pouvoir de signer en lieu et place du pr\u00e9sident de l\u2019ARP, tous les documents conform\u00e9ment \u00e0 ses pr\u00e9rogatives, exception faite des documents de nature l\u00e9gale.<\/p>\n<div class=\"code-block code-block-1 c3\"><ins class=\"adsbygoogle c2\" data-ad-layout=\"in-article\" data-ad-format=\"fluid\" data-ad-client=\"ca-pub-2102118777505746\" data-ad-slot=\"7301775417\"\/> <\/div>\n<p>Or selon le r\u00e8glement de l\u2019ARP, le r\u00f4le du chef du cabinet du pr\u00e9sident de l\u2019assembl\u00e9e, se limite \u00e0 la supervision et l\u2019organisation du travail du cabinet, la coordination entre la pr\u00e9sidence et les services administratifs de l\u2019ARP, l\u2019organisation des visites des h\u00f4tes du pr\u00e9sident, suivi des activit\u00e9s en rapport avec les relations ext\u00e9rieures de l\u2019assembl\u00e9e, assurer le contact avec les autres institutions comme la pr\u00e9sidence de la r\u00e9publique ou celle du gouvernement, ainsi qu\u2019avec la soci\u00e9t\u00e9 civile\u2026 Et ce, avec l\u2019aide d\u2019un certain nombre de services administratifs sous son contr\u00f4le.<\/p>\n<p>Donc la d\u00e9l\u00e9gation de signature accord\u00e9e par Rached Ghanouchi \u00e0 Habib Khedher est ill\u00e9gale, puisque le r\u00e8glement de l\u2019ARP stipule que le pr\u00e9sident peut d\u00e9l\u00e9guer certains de ses pouvoirs, exclusivement, \u00e0 l\u2019un des deux vice-pr\u00e9sidents.<\/p>\n<p>Concernant la r\u00e9action des d\u00e9put\u00e9s \u00e0 ce grave d\u00e9passement, Abir Moussi a affirm\u00e9 que les d\u00e9put\u00e9s du PDL qui ont d\u00e9pos\u00e9 une demande d\u2019audition au pr\u00e9sident de l\u2019ARP, attendent d\u2019obtenir ce droit. Dans lequel cas, elle va ajouter ce point aux questions qui lui seront pos\u00e9es. Sachant que le bureau de l\u2019assembl\u00e9e a annonc\u00e9, sans aucun fondement, que les d\u00e9put\u00e9s n\u2019ont pas le droit d\u2019auditionner le pr\u00e9sident de l\u2019ARP. Suite \u00e0 quoi, a-t-elle ajout\u00e9, les d\u00e9put\u00e9s ont d\u00e9cid\u00e9 d\u2019enchainer des manifestations de protestation, pour obtenir le droit de questionner le Cheikh Ghannouchi.<\/p>\n<p>Abir Moussi a ajout\u00e9 que le PDL a, d\u00e9j\u00e0, port\u00e9 plainte contre Rached ghannouchi pour la nomination de Habib Khedher \u00e0 la pr\u00e9sidence du cabinet de Ghannouchi, avec rang de ministre. Ce qui est ill\u00e9gal.<\/p>\n<div class=\"swp_social_panel swp_horizontal_panel swp_flat_fresh swp_default_full_color swp_individual_full_color swp_other_full_color scale-100 scale-\" data-min-width=\"1100\" data-float-color=\"#ffffff\" data-float=\"bottom\" data-float-mobile=\"bottom\" data-transition=\"slide\">\n<div class=\"nc_tweetContainer swp_share_button total_shares total_sharesalt\"><span class=\"swp_count\">9 <span class=\"swp_label\">Partages<\/span><\/span><\/div>\n<\/div>\n<p><strong>Que se passe-t-il en Tunisie?<\/strong><br \/>Nous expliquons sur notre <a href=\"https:\/\/www.youtube.com\/channel\/UCRzypVq0B_yBad5eGrwBx0Q?sub_confirmation=1\" target=\"_blank\" rel=\"noopener noreferrer\">cha\u00eene YouTube<\/a> . <a href=\"https:\/\/www.youtube.com\/channel\/UCRzypVq0B_yBad5eGrwBx0Q?sub_confirmation=1\" target=\"_blank\" rel=\"noopener noreferrer\">Abonnez-vous!<\/a><\/p>\n<p><span><strong>D\u00e9claration Abir Moussi<\/strong><\/span><\/p>\n<div class=\"post-audio-wrap relative\">Votre navigateur ne prend pas en charge l&rsquo;\u00e9l\u00e9ment audio.<\/div>\n<div class=\"mvp-org-wrap mvp-org-logo\" itemprop=\"publisher\" itemscope=\"\" itemtype=\"https:\/\/schema.org\/Organization\"><img decoding=\"async\" src=\"https:\/\/www.tunisienumerique.com\/wp-content\/uploads\/2017\/02\/logo_tunisie_numerique.png\"\/><\/div>\n<div class=\"mvp-related-posts left relative\">\n<h4 class=\"post-header\"><span class=\"post-header\">Lire aussi<\/span><\/h4>\n<\/div>\n<div id=\"article-ad\"><ins class=\"adsbygoogle c4\" data-ad-client=\"ca-pub-2102118777505746\" data-ad-slot=\"6513972734\" data-ad-format=\"auto\" data-full-width-responsive=\"true\"\/> <\/div>\n<\/div>\n<div id=\"post-sidebar-wrap\"><ins class=\"adsbygoogle c4\" data-ad-client=\"ca-pub-2102118777505746\" data-ad-slot=\"6168283410\" data-ad-format=\"auto\" data-full-width-responsive=\"true\"\/> <\/div>\n<p>Auteur: LM<br \/>\n<a href=\"https:\/\/www.tunisienumerique.com\/tunisie-abir-moussi-audio-il-est-strictement-illegal-que-rached-ghannouchi-delegue-le-pouvoir-de-signature-a-habib-khedher\/\">Cliquez ici pour lire l&rsquo;article depuis sa source.<\/a><\/p>\n","protected":false},"excerpt":{"rendered":"<p>La pr\u00e9sidente du bloc du PDL \u00e0 l\u2019ARP, Abir Moussi a confirm\u00e9 au micro de TunisieNumerique, l\u2019information selon laquelle Rached Ghanouchi a d\u00e9l\u00e9gu\u00e9 son pouvoir de signature \u00e0 Habib Khedher, son chef de cabinet. Ce qui est strictement ill\u00e9gal et contraire aux r\u00e8glements de l\u2019assembl\u00e9e. Elle a confirm\u00e9 qu\u2019il y a une d\u00e9cision du pr\u00e9sident [&hellip;]<\/p>\n","protected":false},"author":1789,"featured_media":84803,"comment_status":"closed","ping_status":"closed","sticky":false,"template":"","format":"standard","meta":{"fifu_image_url":"","fifu_image_alt":"","footnotes":""},"categories":[73,55],"tags":[],"class_list":["post-84802","post","type-post","status-publish","format-standard","has-post-thumbnail","hentry","category-actualite","category-tunisie"],"_links":{"self":[{"href":"https:\/\/linitiative.ca\/International\/wp-json\/wp\/v2\/posts\/84802","targetHints":{"allow":["GET"]}}],"collection":[{"href":"https:\/\/linitiative.ca\/International\/wp-json\/wp\/v2\/posts"}],"about":[{"href":"https:\/\/linitiative.ca\/International\/wp-json\/wp\/v2\/types\/post"}],"author":[{"embeddable":true,"href":"https:\/\/linitiative.ca\/International\/wp-json\/wp\/v2\/users\/1789"}],"replies":[{"embeddable":true,"href":"https:\/\/linitiative.ca\/International\/wp-json\/wp\/v2\/comments?post=84802"}],"version-history":[{"count":0,"href":"https:\/\/linitiative.ca\/International\/wp-json\/wp\/v2\/posts\/84802\/revisions"}],"wp:featuredmedia":[{"embeddable":true,"href":"https:\/\/linitiative.ca\/International\/wp-json\/"}],"wp:attachment":[{"href":"https:\/\/linitiative.ca\/International\/wp-json\/wp\/v2\/media?parent=84802"}],"wp:term":[{"taxonomy":"category","embeddable":true,"href":"https:\/\/linitiative.ca\/International\/wp-json\/wp\/v2\/categories?post=84802"},{"taxonomy":"post_tag","embeddable":true,"href":"https:\/\/linitiative.ca\/International\/wp-json\/wp\/v2\/tags?post=84802"}],"curies":[{"name":"wp","href":"https:\/\/api.w.org\/{rel}","templated":true}]}}