{"id":84804,"date":"2020-05-08T09:10:09","date_gmt":"2020-05-08T13:10:09","guid":{"rendered":"https:\/\/linitiative.ca\/International\/crise-securitaire-et-humanitaire-a-lest\/"},"modified":"2020-05-08T09:10:09","modified_gmt":"2020-05-08T13:10:09","slug":"crise-securitaire-et-humanitaire-a-lest","status":"publish","type":"post","link":"https:\/\/linitiative.ca\/International\/crise-securitaire-et-humanitaire-a-lest\/","title":{"rendered":"CRISE SECURITAIRE ET HUMANITAIRE A L\u2019EST"},"content":{"rendered":"<div class=\"stream-item stream-item-above-post-content\">\n<p><noscript><\/p>\n<p><a href=\"\/\/www3.smartadserver.com\/ac?jump=1&amp;nwid=2136&amp;siteid=240610&amp;pgname=rg&amp;fmtid=49046&amp;visit=m&amp;tmstp=[timestamp]&amp;out=nonrich\" target=\"_blank\" rel=\"noopener noreferrer\"><img decoding=\"async\" src=\"http:\/\/www3.smartadserver.com\/ac?out=nonrich&amp;nwid=2136&amp;siteid=240610&amp;pgname=rg&amp;fmtid=49046&amp;visit=m&amp;tmstp=[timestamp]\" border=\"0\" alt=\"\"\/><\/a><\/p>\n<p><\/noscript><\/div>\n<p class=\"c3\"><strong><em>Ludovic Dramane Thiombiano et ses camarades, \u00e9lus et responsables de l\u2019Union pour le progr\u00e8s et le changement (UPC) de la r\u00e9gion de l\u2019Est, ont donn\u00e9 de la voix dans la matin\u00e9e du 7 mai 2020 \u00e0 l\u2019effet d\u2019attirer l\u2019attention des gouvernants sur la situation s\u00e9curitaire, humanitaire et socio\u00e9conomique difficile qui pr\u00e9vaut dans leur r\u00e9gion. C\u2019\u00e9tait au cours d\u2019un point de presse qu\u2019ils ont anim\u00e9 au si\u00e8ge du parti du Lion, \u00e0 Ouagadougou. Entre autres solutions pour venir \u00e0 bout du terrorisme dans cette partie orientale du Burkina Faso, les hommes de Z\u00e9phirin Diabr\u00e9 ont propos\u00e9 la mise en branle d\u2019une nouvelle op\u00e9ration militaire qu\u2019ils ont surnomm\u00e9e \u00ab\u00a0 Ogapo\u00a0\u00bb, qui veut dire le d\u00e9nouement final.<\/em><\/strong><\/p>\n<p class=\"c3\"><em>\u00ab\u00a0Le d\u00e9nouement final\u00a0\u00bb, en langue gourmatchema \u00abOgapo\u00a0\u00bb, est le nom de l\u2019op\u00e9ration militaire que proposent des militants et responsables du parti du Lion de la r\u00e9gion de l\u2019Est, afin, disent-ils, de passer au peigne fin les 5 provinces de la r\u00e9gion de l\u2019Est et les \u00ab\u00a0expurger\u00a0\u00bb des terroristes et des grands bandits qui les \u00e9cument. Cette proposition a \u00e9t\u00e9 faite au cours d\u2019un point de presse tenu hier, 7 avril 2020, au si\u00e8ge de l\u2019UPC et anim\u00e9 par Ludovic Dramane Thiombiano, d\u00e9put\u00e9 et ses camarades, tous des \u00e9lus et responsables dudit parti de la r\u00e9gion de l\u2019Est du Burkina Faso. Cette proposition, parmi tant d\u2019autres (voir encadr\u00e9), fait suite \u00e0 un constat fait par ces derniers. En effet, Ludovic Dramane Thiombiano et ses camarades ont rappel\u00e9 quelques faits. Pour eux, la r\u00e9gion de l\u2019Est qui fait actuellement l\u2019objet d\u2019attaques terroristes, \u00e9tait consid\u00e9r\u00e9e avec son\u00a0\u00ab\u00a0 infortun\u00e9e\u00a0 \u00bb s\u0153ur du Sahel, comme les \u00ab\u00a0p\u00e9nitenciers\u00a0\u00bb du Burkina Faso. A cela, ils ajoutent que les expressions telles que \u00ab\u00a0la Gnagna profonde\u00a0\u00bb et autres noms similaires, suffisaient, selon eux, \u00e0 d\u00e9courager certains agents de l\u2019Administration publique sous certains r\u00e9gimes et sous celui-ci. Autre chose, autre lieu, les animateurs du point de presse ont affirm\u00e9 que cela fait deux ans que plusieurs communes comme Matiacoali, Yamba, Madjoari, Barti\u00e9bougou, Foutouri n\u2019auraient plus d\u2019autorit\u00e9s administratives et politiques.\u00a0\u00ab\u00a0 Le pouvoir public local a pli\u00e9 bagage et se retrouve dans le chef-lieu de la r\u00e9gion qui, du reste, selon certaines informations, est aussi menac\u00e9\u00a0\u00bb, a signifi\u00e9 Ludovic Dramane Thiombiano. Il poursuit en indiquant que depuis le d\u00e9but du mois de janvier, \u00ab\u00a0il ne se passe pas une seule journ\u00e9e sans qu\u2019on ne parle de viols, d\u2019attaques arm\u00e9es, de tueries, d\u2019enl\u00e8vements et de menaces dans cette partie du Burkina\u00a0\u00bb. Autres faits et pas des moindres\u00a0:\u00a0\u00ab\u00a0les terroristes ont implant\u00e9 leur drapeau par endroits, et contr\u00f4lent m\u00eame les pi\u00e8ces d\u2019identit\u00e9 des usagers de la route\u00a0\u00bb, a confi\u00e9 Ludovic Dramane Thiombiano. Et de s\u2019interroger\u00a0:\u00a0\u00ab\u00a0 On se demande s\u2019il y a un gouvernement digne de ce nom, \u00e0 m\u00eame de garantir la paix d\u00e9finitive dans cette zone et sur l\u2019ensemble du territoire national. \u00bb<\/em><\/p>\n<p class=\"c3\"><strong><em>L\u2019all\u00e9gement du couvre-feu sollicit\u00e9<\/em><\/strong><\/p>\n<p class=\"c3\"><em>Cette rencontre avec les Hommes de m\u00e9dias a aussi permis aux animateurs du point de presse de revenir sur la situation socio\u00e9conomique peu reluisante et qui, \u00e0 leurs yeux, tire ses causes des nombreuses attaques que subit leur r\u00e9gion. Pour ces \u00e9lus et militants de l\u2019UPC, l\u2019\u00e9conomie s\u2019est \u00ab\u00a0\u00e9croul\u00e9e\u00a0\u00bb \u00e0 cause de l\u2019ins\u00e9curit\u00e9. Et \u00e0 cela s\u2019ajoutent les mesures de fermeture des march\u00e9s \u00e0 cause de la maladie \u00e0 coronavirus, ce qui leur faire dire que les acteurs \u00e9conomiques de l\u2019Est sont en train de faire faillite.\u00a0\u00ab\u00a0 A ceci s\u2019ajoutent la famine, les maladies et les al\u00e9as naturels\u00a0\u00bb, a ajout\u00e9 Ludovic Dramane Thiombiano. Au vu de cette situation qu\u2019ils qualifient d\u2019abandon de leur r\u00e9gion, ces \u00e9lus et responsables du parti du Lion, comptent, dans les jours \u00e0 venir, adresser une lettre \u00e0 Roch Marc Christan Kabor\u00e9, pr\u00e9sident du Faso, afin, pour eux, de lui rappeler le serment qu\u2019il a pr\u00eat\u00e9 de prot\u00e9ger le Burkina Faso et ses habitants. Ils ont, par ailleurs, demand\u00e9 l\u2019all\u00e8gement du couvre-feu dans cette partie du pays, afin de soulager les populations. Des populations qui, toujours selon eux, sont sous couvre-feu depuis 14 mois.<\/em><\/p>\n<p class=\"c3\"><strong><em>Boureima KINDO<\/em><\/strong><\/p>\n<p class=\"c3\"><strong><em>Les propositions de l\u2019UPC pour venir \u00e0 bout du terrorisme dans l\u2019Est<\/em><\/strong><\/p>\n<p class=\"c3\"><em>\u00ab\u00a0Pour notre part, en plus d\u2019interpeller le pouvoir et d\u2019assister les populations en d\u00e9tresse dans la limite de nos moyens, nous proposons au gouvernement les actions concr\u00e8tes ci-apr\u00e8s :<\/em><br \/><em>-une op\u00e9ration \u00ab Ogapo \u00bb (d\u00e9nouement final) \u00e0 travers laquelle les FDS et les volontaires de d\u00e9fense vont passer au peigne fin les 5 provinces de la r\u00e9gion, pour les expurger des terroristes et des grands bandits qui les \u00e9cument. \u00ab Ogapo \u00bb devra tirer le\u00e7on des succ\u00e8s et des \u00e9checs de \u00ab Otapoanu \u00bb, impliquer fortement les d\u00e9tenteurs du savoir traditionnel du Gulmu et associer toutes les forces vives de la r\u00e9gion\u00a0;<\/em><br \/><em>-un retour des populations d\u00e9plac\u00e9es, une fois l\u2019op\u00e9ration men\u00e9e avec succ\u00e8s\u00a0;<\/em><br \/><em>-la cr\u00e9ation d\u2019un Centre de \u00ab d\u00e9radicalisation \u00bb : Les experts et les populations cibles sont unanimes sur le fait que la plupart des attaques sont men\u00e9es par des fils du Burkina. De ce fait, il faut que l\u2019Etat tende la main \u00e0 ceux des n\u00f4tres qui veulent sortir du bourbier terroriste. Mieux, il faut que l\u2019Etat burkinab\u00e8 arrache une partie de sa jeunesse qui s\u2019est retrouv\u00e9e dans les bras des obscurantistes. Le Centre de \u00ab d\u00e9radicalisation \u00bb sera dirig\u00e9 par des leaders religieux influents, des experts des sciences sociales et des officiers de notre arm\u00e9e. Il pourra avoir pour mission la pr\u00e9vention de la radicalisation des jeunes, l\u2019inculcation des valeurs nationales aux publics vuln\u00e9rables, et l\u2019accompagnement id\u00e9ologique et psychologique de ceux qui souhaitent abandonner le mal et se r\u00e9ins\u00e9rer dans la soci\u00e9t\u00e9,<\/em><\/p>\n<p class=\"c3\"><em>-la prise de mesures de relance \u00e9conomique et d\u2019accompagnement social dans la r\u00e9gion ;<\/em><br \/><em>-un retour des agents et des symboles de l\u2019Etat dans la r\u00e9gion.\u00a0\u00bb<\/em><\/p>\n<p>Auteur: Le Pays<br \/>\n<a href=\"http:\/\/lepays.bf\/crise-securitaire-et-humanitaire-a-lest\/\">Cliquez ici pour lire l&rsquo;article depuis sa source.<\/a><\/p>\n","protected":false},"excerpt":{"rendered":"<p>Ludovic Dramane Thiombiano et ses camarades, \u00e9lus et responsables de l\u2019Union pour le progr\u00e8s et le changement (UPC) de la r\u00e9gion de l\u2019Est, ont donn\u00e9 de la voix dans la matin\u00e9e du 7 mai 2020 \u00e0 l\u2019effet d\u2019attirer l\u2019attention des gouvernants sur la situation s\u00e9curitaire, humanitaire et socio\u00e9conomique difficile qui pr\u00e9vaut dans leur r\u00e9gion. C\u2019\u00e9tait [&hellip;]<\/p>\n","protected":false},"author":1813,"featured_media":0,"comment_status":"closed","ping_status":"closed","sticky":false,"template":"","format":"standard","meta":{"fifu_image_url":"","fifu_image_alt":"","footnotes":""},"categories":[73,81],"tags":[],"class_list":["post-84804","post","type-post","status-publish","format-standard","hentry","category-actualite","category-burkina-faso"],"_links":{"self":[{"href":"https:\/\/linitiative.ca\/International\/wp-json\/wp\/v2\/posts\/84804","targetHints":{"allow":["GET"]}}],"collection":[{"href":"https:\/\/linitiative.ca\/International\/wp-json\/wp\/v2\/posts"}],"about":[{"href":"https:\/\/linitiative.ca\/International\/wp-json\/wp\/v2\/types\/post"}],"author":[{"embeddable":true,"href":"https:\/\/linitiative.ca\/International\/wp-json\/wp\/v2\/users\/1813"}],"replies":[{"embeddable":true,"href":"https:\/\/linitiative.ca\/International\/wp-json\/wp\/v2\/comments?post=84804"}],"version-history":[{"count":0,"href":"https:\/\/linitiative.ca\/International\/wp-json\/wp\/v2\/posts\/84804\/revisions"}],"wp:attachment":[{"href":"https:\/\/linitiative.ca\/International\/wp-json\/wp\/v2\/media?parent=84804"}],"wp:term":[{"taxonomy":"category","embeddable":true,"href":"https:\/\/linitiative.ca\/International\/wp-json\/wp\/v2\/categories?post=84804"},{"taxonomy":"post_tag","embeddable":true,"href":"https:\/\/linitiative.ca\/International\/wp-json\/wp\/v2\/tags?post=84804"}],"curies":[{"name":"wp","href":"https:\/\/api.w.org\/{rel}","templated":true}]}}