{"id":84805,"date":"2020-05-08T09:14:36","date_gmt":"2020-05-08T13:14:36","guid":{"rendered":"https:\/\/linitiative.ca\/International\/clement-p-sawadogo-coordonnateur-de-lapmp\/"},"modified":"2020-05-08T09:14:36","modified_gmt":"2020-05-08T13:14:36","slug":"clement-p-sawadogo-coordonnateur-de-lapmp","status":"publish","type":"post","link":"https:\/\/linitiative.ca\/International\/clement-p-sawadogo-coordonnateur-de-lapmp\/","title":{"rendered":"CLEMENT P. SAWADOGO, COORDONNATEUR DE L\u2019APMP"},"content":{"rendered":"<div class=\"stream-item stream-item-above-post-content\">\n<p><noscript><\/p>\n<p><a href=\"\/\/www3.smartadserver.com\/ac?jump=1&amp;nwid=2136&amp;siteid=240610&amp;pgname=rg&amp;fmtid=49046&amp;visit=m&amp;tmstp=[timestamp]&amp;out=nonrich\" target=\"_blank\" rel=\"noopener noreferrer\"><img decoding=\"async\" src=\"http:\/\/www3.smartadserver.com\/ac?out=nonrich&amp;nwid=2136&amp;siteid=240610&amp;pgname=rg&amp;fmtid=49046&amp;visit=m&amp;tmstp=[timestamp]\" border=\"0\" alt=\"\"\/><\/a><\/p>\n<p><\/noscript><\/div>\n<p class=\"c3\"><strong><em>L\u2019Alliance des partis et formations politiques de la majorit\u00e9 pr\u00e9sidentielle (APMP) a anim\u00e9 une conf\u00e9rence de presse, le 7 mai 2020 \u00e0 Ouagadougou. Au menu des \u00e9changes, la crise sanitaire li\u00e9e au Covid-19, la question s\u00e9curitaire notamment la lutte contre le terrorisme, les \u00e9lections coupl\u00e9es de novembre 2020 et la fronde sociale.<\/em><\/strong><\/p>\n<p class=\"c3\"><em>Le Covid-19 au Burkina, la situation s\u00e9curitaire marqu\u00e9e par la lutte contre le terrorisme, les \u00e9lections coupl\u00e9es de novembre 2020 et la fronde sociale ont fait l\u2019objet d\u2019une conf\u00e9rence de presse anim\u00e9e par l\u2019Alliance des partis et formations politiques de la majorit\u00e9 pr\u00e9sidentielle (APMP), le 7 mai dernier \u00e0 Ouagadougou. En r\u00e9action \u00e0 une question, Cl\u00e9ment P. Sawadogo, coordonnateur de l\u2019APMP, estime que les gr\u00e8ves n\u2019ont pas commenc\u00e9 sous leur r\u00e9gime. \u00ab D\u2019abord, la crise s\u00e9curitaire nous a \u00e9t\u00e9 impos\u00e9e. Ceux qui ont d\u00e9clench\u00e9 ce ph\u00e9nom\u00e8ne ne pensaient pas que nous allions pouvoir r\u00e9pondre de cette mani\u00e8re et \u00eatre toujours au pouvoir. Si nous sommes l\u00e0, c\u2019est du fait de leur \u00e9chec. Ils vont continuer d\u2019\u00e9chouer parce que nous allons encore tisser des strat\u00e9gies qu\u2019il faut pour les repousser au maximum. La fronde sociale n\u2019est pas propre \u00e0 notre r\u00e9gime. M\u00eame le r\u00e9gime pass\u00e9 avec 27 ann\u00e9es d\u2019exp\u00e9rience a eu des probl\u00e8mes avec la fronde sociale. La Transition aussi a eu des probl\u00e8mes avec la fronde sociale. D\u2019ailleurs, c\u2019est la Transition qui nous a c\u00e9d\u00e9 tous les dossiers br\u00fblants que nous avons \u00e9t\u00e9 oblig\u00e9s de g\u00e9rer, par exemple la loi 081, la gr\u00e8ve des magistrats, etc. Compte tenu du fait que nous sommes un r\u00e9gime qui a r\u00e9affirm\u00e9 les principes d\u00e9mocratiques, nous avons plac\u00e9 le dialogue au centre de notre strat\u00e9gie en mati\u00e8re de gestion du front social. D\u2019autres interpr\u00e8tent cela comme une faiblesse, multiplient les manifestations insens\u00e9es, au risque d\u2019\u00eatre carr\u00e9ment dans des positions anti-patriotiques. Nous le constatons et nous le d\u00e9plorons. Mais en tout \u00e9tat de cause, nous pensons que nous avons donn\u00e9 le maximum de r\u00e9ponses \u00e0 nos partenaires sociaux\u00a0\u00bb, a-t-il dit. Tout comme lui, Vincent Dabilgou, par ailleurs pr\u00e9sident du Nouveau temps pour la d\u00e9mocratie (NTD), a regrett\u00e9 les positions trop tranch\u00e9es de certaines organisations syndicales. Une d\u00e9marche qui est contraire \u00e0 celle emprunt\u00e9e par d\u2019autres qui ont manifest\u00e9 par la signature d\u2019une d\u00e9claration conjointe de tr\u00eave.<\/em><\/p>\n<p class=\"c3\"><strong><em>Appel au dialogue<\/em><\/strong><\/p>\n<p class=\"c3\"><em>Au nom de l\u2019APMP, il a lanc\u00e9 un appel au gouvernement, de poursuivre le dialogue permanent avec les partenaires sociaux d\u2019une part et, d\u2019autre part, d\u2019inviter les partenaires sociaux \u00e0 cultiver le sens du compromis et du patriotisme pour la reprise totale des activit\u00e9s au pays des Hommes int\u00e8gres. Comme il fallait s\u2019y attendre, le Covid-19 \u00e9tait \u00e9galement au menu des \u00e9changes avec les hommes et femmes de m\u00e9dias. Selon ses dires, l\u2019APMP f\u00e9licite le peuple burkinab\u00e8 pour sa solidarit\u00e9 vis-\u00e0-vis des malades du Covid-19 d\u2019une part, et envers les populations vuln\u00e9rables d\u2019autre part. C\u2019est le lieu pour lui d\u2019inviter la population au respect des mesures-barri\u00e8res dans le cadre de la reprise progressive des activit\u00e9s, afin de r\u00e9duire la maladie \u00e0 sa plus simple expression au Burkina. La question s\u00e9curitaire a \u00e9galement retenu l\u2019attention des conf\u00e9renciers. Les efforts du gouvernement dans la lutte contre l\u2019ins\u00e9curit\u00e9 ont \u00e9galement \u00e9t\u00e9 salu\u00e9s par l\u2019APMP. Ce fut l\u2019occasion pour elle de saluer la mobilisation des Volontaires pour la d\u00e9fense de la Patrie et leur farouche d\u00e9termination. \u00ab\u00a0Elle invite toutes les populations \u00e0 faire corps avec les FDS en coop\u00e9rant et en continuant de s\u2019enr\u00f4ler pour la d\u00e9fense de la Patrie\u00a0\u00bb, a laiss\u00e9 entendre Vincent Dabilgou qui a invit\u00e9 le gouvernement et l\u2019ensemble des partenaires \u00e0 s\u2019investir \u00e9nergiquement pour assister et s\u00e9curiser les d\u00e9plac\u00e9s internes. L\u2019APMP dit prendre acte de la reprise de l\u2019enr\u00f4lement \u00e0 compter du 8 mai 2020, et invite la Commission \u00e9lectorale nationale ind\u00e9pendante (CENI) et l\u2019Office national d\u2019identification (ONI) \u00e0 prendre les dispositions n\u00e9cessaires pour le succ\u00e8s des op\u00e9rations d\u2019\u00e9tablissement de Cartes nationales d\u2019identit\u00e9 burkinab\u00e8 (CNIB) et de r\u00e9vision du fichier \u00e9lectoral.<\/em><\/p>\n<p class=\"c3\"><strong><em>Issa SIGUIRE<\/em><\/strong><\/p>\n<p>Auteur: Le Pays<br \/>\n<a href=\"http:\/\/lepays.bf\/clement-p-sawadogo-coordonnateur-de-lapmp-2\/\">Cliquez ici pour lire l&rsquo;article depuis sa source.<\/a><\/p>\n","protected":false},"excerpt":{"rendered":"<p>L\u2019Alliance des partis et formations politiques de la majorit\u00e9 pr\u00e9sidentielle (APMP) a anim\u00e9 une conf\u00e9rence de presse, le 7 mai 2020 \u00e0 Ouagadougou. Au menu des \u00e9changes, la crise sanitaire li\u00e9e au Covid-19, la question s\u00e9curitaire notamment la lutte contre le terrorisme, les \u00e9lections coupl\u00e9es de novembre 2020 et la fronde sociale. Le Covid-19 au [&hellip;]<\/p>\n","protected":false},"author":1813,"featured_media":0,"comment_status":"closed","ping_status":"closed","sticky":false,"template":"","format":"standard","meta":{"fifu_image_url":"","fifu_image_alt":"","footnotes":""},"categories":[73,81],"tags":[],"class_list":["post-84805","post","type-post","status-publish","format-standard","hentry","category-actualite","category-burkina-faso"],"_links":{"self":[{"href":"https:\/\/linitiative.ca\/International\/wp-json\/wp\/v2\/posts\/84805","targetHints":{"allow":["GET"]}}],"collection":[{"href":"https:\/\/linitiative.ca\/International\/wp-json\/wp\/v2\/posts"}],"about":[{"href":"https:\/\/linitiative.ca\/International\/wp-json\/wp\/v2\/types\/post"}],"author":[{"embeddable":true,"href":"https:\/\/linitiative.ca\/International\/wp-json\/wp\/v2\/users\/1813"}],"replies":[{"embeddable":true,"href":"https:\/\/linitiative.ca\/International\/wp-json\/wp\/v2\/comments?post=84805"}],"version-history":[{"count":0,"href":"https:\/\/linitiative.ca\/International\/wp-json\/wp\/v2\/posts\/84805\/revisions"}],"wp:attachment":[{"href":"https:\/\/linitiative.ca\/International\/wp-json\/wp\/v2\/media?parent=84805"}],"wp:term":[{"taxonomy":"category","embeddable":true,"href":"https:\/\/linitiative.ca\/International\/wp-json\/wp\/v2\/categories?post=84805"},{"taxonomy":"post_tag","embeddable":true,"href":"https:\/\/linitiative.ca\/International\/wp-json\/wp\/v2\/tags?post=84805"}],"curies":[{"name":"wp","href":"https:\/\/api.w.org\/{rel}","templated":true}]}}