{"id":84806,"date":"2020-05-08T07:20:58","date_gmt":"2020-05-08T11:20:58","guid":{"rendered":"https:\/\/linitiative.ca\/International\/covid-organics-le-burkina-faso-a-recu-sa-dose\/"},"modified":"2020-05-08T07:20:58","modified_gmt":"2020-05-08T11:20:58","slug":"covid-organics-le-burkina-faso-a-recu-sa-dose","status":"publish","type":"post","link":"https:\/\/linitiative.ca\/International\/covid-organics-le-burkina-faso-a-recu-sa-dose\/","title":{"rendered":"Covid-Organics: le Burkina Faso a re\u00e7u sa \u00ab\u00a0dose\u00a0\u00bb"},"content":{"rendered":"<div class=\"td-post-sharing-top td-post-sharing td-ps-bg td-ps-padding td-ps-bar td-post-sharing-style6\">\n<div class=\"td-post-sharing-visible\"><a class=\"td-social-sharing-button td-social-sharing-button-js td-social-network td-social-facebook\" href=\"https:\/\/www.facebook.com\/sharer.php?u=https%3A%2F%2Fwww.sidwaya.info%2Fblog%2F2020%2F05%2F08%2Fcovid-organics-le-burkina-faso-a-recu-sa-dose%2F\"\/><\/p>\n<p>Facebook<\/p>\n<p><a class=\"td-social-sharing-button td-social-sharing-button-js td-social-network td-social-twitter\" href=\"https:\/\/twitter.com\/intent\/tweet?text=Covid-Organics%3A+le+Burkina+Faso+a+re%C3%A7u+sa+%C2%AB%C2%A0dose%C2%A0%C2%BB&amp;url=https%3A%2F%2Fwww.sidwaya.info%2Fblog%2F2020%2F05%2F08%2Fcovid-organics-le-burkina-faso-a-recu-sa-dose%2F&amp;via=Quotidien+Sidwaya\"\/><\/p>\n<p>Twitter<\/p>\n<p><a class=\"td-social-sharing-button td-social-sharing-button-js td-social-network td-social-pinterest\" href=\"https:\/\/pinterest.com\/pin\/create\/button\/?url=https:\/\/www.sidwaya.info\/blog\/2020\/05\/08\/covid-organics-le-burkina-faso-a-recu-sa-dose\/&amp;media=&amp;description=Covid-Organics%3A+le+Burkina+Faso+a+re%C3%A7u+sa+%C2%AB%C2%A0dose%C2%A0%C2%BB\"\/><\/p>\n<p>Pinterest<\/p>\n<p><a class=\"td-social-sharing-button td-social-sharing-button-js td-social-network td-social-whatsapp\" href=\"whatsapp:\/\/send?text=Covid-Organics%3A+le+Burkina+Faso+a+re%C3%A7u+sa+%C2%AB%C2%A0dose%C2%A0%C2%BB%20%0A%0A%20https:\/\/www.sidwaya.info\/blog\/2020\/05\/08\/covid-organics-le-burkina-faso-a-recu-sa-dose\/\"\/><\/p>\n<p>WhatsApp<\/p>\n<p><a class=\"td-social-sharing-button td-social-sharing-button-js td-social-network td-social-linkedin\" href=\"https:\/\/www.linkedin.com\/shareArticle?mini=true&amp;url=https:\/\/www.sidwaya.info\/blog\/2020\/05\/08\/covid-organics-le-burkina-faso-a-recu-sa-dose\/&amp;title=Covid-Organics%3A+le+Burkina+Faso+a+re%C3%A7u+sa+%C2%AB%C2%A0dose%C2%A0%C2%BB\"\/><\/p>\n<p>Linkedin<\/p>\n<p><a class=\"td-social-sharing-button td-social-sharing-button-js td-social-network td-social-mail\" href=\"mailto:?subject=Covid-Organics:%20le%20Burkina%20Faso%20a%20re%C3%A7u%20sa%20%C2%AB%C2%A0dose%C2%A0%C2%BB&amp;body=https:\/\/www.sidwaya.info\/blog\/2020\/05\/08\/covid-organics-le-burkina-faso-a-recu-sa-dose\/\"\/><\/p>\n<p>Email<\/p>\n<p><a class=\"td-social-sharing-button td-social-sharing-button-js td-social-network td-social-print\" href=\"#\"\/><\/p>\n<p>Print<\/p>\n<p><a class=\"td-social-sharing-button td-social-sharing-button-js td-social-network td-social-tumblr\" href=\"https:\/\/www.tumblr.com\/share\/link?url=https:\/\/www.sidwaya.info\/blog\/2020\/05\/08\/covid-organics-le-burkina-faso-a-recu-sa-dose\/&amp;name=Covid-Organics:%20le%20Burkina%20Faso%20a%20re%C3%A7u%20sa%20%C2%AB%C2%A0dose%C2%A0%C2%BB\"\/><\/p>\n<p>Tumblr<\/p>\n<p><a class=\"td-social-sharing-button td-social-sharing-button-js td-social-network td-social-telegram\" href=\"https:\/\/telegram.me\/share\/url?url=https:\/\/www.sidwaya.info\/blog\/2020\/05\/08\/covid-organics-le-burkina-faso-a-recu-sa-dose\/&amp;text=Covid-Organics%3A+le+Burkina+Faso+a+re%C3%A7u+sa+%C2%AB%C2%A0dose%C2%A0%C2%BB\"\/><\/p>\n<p>Telegram<\/p>\n<p><a class=\"td-social-sharing-button td-social-sharing-button-js td-social-network td-social-viber\" href=\"viber:\/\/forward?text=Covid-Organics%3A+le+Burkina+Faso+a+re%C3%A7u+sa+%C2%AB%C2%A0dose%C2%A0%C2%BB%20https:\/\/www.sidwaya.info\/blog\/2020\/05\/08\/covid-organics-le-burkina-faso-a-recu-sa-dose\/\"\/><\/p>\n<p>Viber<\/p>\n<p><a class=\"td-social-sharing-button td-social-sharing-button-js td-social-network td-social-naver\" href=\"https:\/\/share.naver.com\/web\/shareView.nhn?url=https:\/\/www.sidwaya.info\/blog\/2020\/05\/08\/covid-organics-le-burkina-faso-a-recu-sa-dose\/&amp;title=Covid-Organics%3A+le+Burkina+Faso+a+re%C3%A7u+sa+%C2%AB%C2%A0dose%C2%A0%C2%BB\"\/><\/p>\n<p>Naver<\/p>\n<\/div>\n<\/div>\n<div class=\"td-post-content tagdiv-type\" readability=\"35\">\n<p class=\"c2\"><span class=\"c1\">Le minist\u00e8re de la sant\u00e9 du Burkina Faso a re\u00e7u un don du produit malgache, Covid-Organics ce matin 8 mai 2020. Il s\u2019agit de trois cartons de Covid-Organics dont deux cartons pour un traitement pr\u00e9ventif et un carton pour un traitement curatif.<\/span><\/p>\n<p>G.B<\/p>\n<div class=\"td-a-rec td-a-rec-id-content_bottom tdi_30_273 td_block_template_1\"><img loading=\"lazy\" decoding=\"async\" class=\"aligncenter size-full wp-image-9623\" src=\"https:\/\/www.sidwaya.info\/wp-content\/uploads\/2019\/06\/Projet-bannie\u0300re-Orange-mobile.jpg\" alt=\"\" width=\"728\" height=\"81\"\/><\/div>\n<\/div>\n<footer>\n<div class=\"td-post-sharing-bottom\">\n<p><iframe frameborder=\"0\" src=\"https:\/\/www.facebook.com\/plugins\/like.php?href=https:\/\/www.sidwaya.info\/blog\/2020\/05\/08\/covid-organics-le-burkina-faso-a-recu-sa-dose\/&amp;layout=button_count&amp;show_faces=false&amp;width=105&amp;action=like&amp;colorscheme=light&amp;height=21\" class=\"c3\">[embedded content]<\/iframe><\/p>\n<div id=\"td_social_sharing_article_bottom\" class=\"td-post-sharing td-ps-bg td-ps-padding td-post-sharing-style7\">\n<div class=\"td-post-sharing-visible\"><a class=\"td-social-sharing-button td-social-sharing-button-js td-social-network td-social-facebook\" href=\"https:\/\/www.facebook.com\/sharer.php?u=https%3A%2F%2Fwww.sidwaya.info%2Fblog%2F2020%2F05%2F08%2Fcovid-organics-le-burkina-faso-a-recu-sa-dose%2F\"\/><\/p>\n<p>Facebook<\/p>\n<p><a class=\"td-social-sharing-button td-social-sharing-button-js td-social-network td-social-twitter\" href=\"https:\/\/twitter.com\/intent\/tweet?text=Covid-Organics%3A+le+Burkina+Faso+a+re%C3%A7u+sa+%C2%AB%C2%A0dose%C2%A0%C2%BB&amp;url=https%3A%2F%2Fwww.sidwaya.info%2Fblog%2F2020%2F05%2F08%2Fcovid-organics-le-burkina-faso-a-recu-sa-dose%2F&amp;via=Quotidien+Sidwaya\"\/><\/p>\n<p>Twitter<\/p>\n<p><a class=\"td-social-sharing-button td-social-sharing-button-js td-social-network td-social-pinterest\" href=\"https:\/\/pinterest.com\/pin\/create\/button\/?url=https:\/\/www.sidwaya.info\/blog\/2020\/05\/08\/covid-organics-le-burkina-faso-a-recu-sa-dose\/&amp;media=&amp;description=Covid-Organics%3A+le+Burkina+Faso+a+re%C3%A7u+sa+%C2%AB%C2%A0dose%C2%A0%C2%BB\"\/><\/p>\n<p>Pinterest<\/p>\n<p><a class=\"td-social-sharing-button td-social-sharing-button-js td-social-network td-social-whatsapp\" href=\"whatsapp:\/\/send?text=Covid-Organics%3A+le+Burkina+Faso+a+re%C3%A7u+sa+%C2%AB%C2%A0dose%C2%A0%C2%BB%20%0A%0A%20https:\/\/www.sidwaya.info\/blog\/2020\/05\/08\/covid-organics-le-burkina-faso-a-recu-sa-dose\/\"\/><\/p>\n<p>WhatsApp<\/p>\n<p><a class=\"td-social-sharing-button td-social-sharing-button-js td-social-network td-social-linkedin\" href=\"https:\/\/www.linkedin.com\/shareArticle?mini=true&amp;url=https:\/\/www.sidwaya.info\/blog\/2020\/05\/08\/covid-organics-le-burkina-faso-a-recu-sa-dose\/&amp;title=Covid-Organics%3A+le+Burkina+Faso+a+re%C3%A7u+sa+%C2%AB%C2%A0dose%C2%A0%C2%BB\"\/><\/p>\n<p>Linkedin<\/p>\n<p><a class=\"td-social-sharing-button td-social-sharing-button-js td-social-network td-social-mail\" href=\"mailto:?subject=Covid-Organics:%20le%20Burkina%20Faso%20a%20re%C3%A7u%20sa%20%C2%AB%C2%A0dose%C2%A0%C2%BB&amp;body=https:\/\/www.sidwaya.info\/blog\/2020\/05\/08\/covid-organics-le-burkina-faso-a-recu-sa-dose\/\"\/><\/p>\n<p>Email<\/p>\n<p><a class=\"td-social-sharing-button td-social-sharing-button-js td-social-network td-social-print\" href=\"#\"\/><\/p>\n<p>Print<\/p>\n<p><a class=\"td-social-sharing-button td-social-sharing-button-js td-social-network td-social-tumblr\" href=\"https:\/\/www.tumblr.com\/share\/link?url=https:\/\/www.sidwaya.info\/blog\/2020\/05\/08\/covid-organics-le-burkina-faso-a-recu-sa-dose\/&amp;name=Covid-Organics:%20le%20Burkina%20Faso%20a%20re%C3%A7u%20sa%20%C2%AB%C2%A0dose%C2%A0%C2%BB\"\/><\/p>\n<p>Tumblr<\/p>\n<p><a class=\"td-social-sharing-button td-social-sharing-button-js td-social-network td-social-telegram\" href=\"https:\/\/telegram.me\/share\/url?url=https:\/\/www.sidwaya.info\/blog\/2020\/05\/08\/covid-organics-le-burkina-faso-a-recu-sa-dose\/&amp;text=Covid-Organics%3A+le+Burkina+Faso+a+re%C3%A7u+sa+%C2%AB%C2%A0dose%C2%A0%C2%BB\"\/><\/p>\n<p>Telegram<\/p>\n<p><a class=\"td-social-sharing-button td-social-sharing-button-js td-social-network td-social-viber\" href=\"viber:\/\/forward?text=Covid-Organics%3A+le+Burkina+Faso+a+re%C3%A7u+sa+%C2%AB%C2%A0dose%C2%A0%C2%BB%20https:\/\/www.sidwaya.info\/blog\/2020\/05\/08\/covid-organics-le-burkina-faso-a-recu-sa-dose\/\"\/><\/p>\n<p>Viber<\/p>\n<p><a class=\"td-social-sharing-button td-social-sharing-button-js td-social-network td-social-naver\" href=\"https:\/\/share.naver.com\/web\/shareView.nhn?url=https:\/\/www.sidwaya.info\/blog\/2020\/05\/08\/covid-organics-le-burkina-faso-a-recu-sa-dose\/&amp;title=Covid-Organics%3A+le+Burkina+Faso+a+re%C3%A7u+sa+%C2%AB%C2%A0dose%C2%A0%C2%BB\"\/><\/p>\n<p>Naver<\/p>\n<\/div>\n<\/div>\n<\/div>\n<div class=\"td-block-row td-post-next-prev\">\n<div class=\"td-block-span6 td-post-prev-post td-post-next-prev-content\"><span>Article pr\u00e9c\u00e9dent<\/span><a href=\"https:\/\/www.sidwaya.info\/blog\/2020\/05\/07\/une-du-08-05-2020\/\">Une du 08-05-2020<\/a><\/div>\n<div class=\"td-block-span6 td-post-next-post td-post-next-prev-content\"><span>Article suivant<\/span><a href=\"https:\/\/www.sidwaya.info\/blog\/2020\/05\/08\/lutte-contre-le-coronavirus-madagascar-offre-du-covid-organics-au-burkina-faso\/\">Lutte contre le coronavirus: Madagascar offre du Covid-Organics au Burkina Faso<\/a><\/div>\n<\/div>\n<\/footer>\n<p>Auteur: BS. Sidwaya<br \/>\n<a href=\"https:\/\/www.sidwaya.info\/blog\/2020\/05\/08\/covid-organics-le-burkina-faso-a-recu-sa-dose\/\">Cliquez ici pour lire l&rsquo;article depuis sa source.<\/a><\/p>\n","protected":false},"excerpt":{"rendered":"<p>Facebook Twitter Pinterest WhatsApp Linkedin Email Print Tumblr Telegram Viber Naver Le minist\u00e8re de la sant\u00e9 du Burkina Faso a re\u00e7u un don du produit malgache, Covid-Organics ce matin 8 mai 2020. Il s\u2019agit de trois cartons de Covid-Organics dont deux cartons pour un traitement pr\u00e9ventif et un carton pour un traitement curatif. G.B [embedded [&hellip;]<\/p>\n","protected":false},"author":1816,"featured_media":84807,"comment_status":"closed","ping_status":"closed","sticky":false,"template":"","format":"standard","meta":{"fifu_image_url":"","fifu_image_alt":"","footnotes":""},"categories":[73,81],"tags":[],"class_list":["post-84806","post","type-post","status-publish","format-standard","has-post-thumbnail","hentry","category-actualite","category-burkina-faso"],"_links":{"self":[{"href":"https:\/\/linitiative.ca\/International\/wp-json\/wp\/v2\/posts\/84806","targetHints":{"allow":["GET"]}}],"collection":[{"href":"https:\/\/linitiative.ca\/International\/wp-json\/wp\/v2\/posts"}],"about":[{"href":"https:\/\/linitiative.ca\/International\/wp-json\/wp\/v2\/types\/post"}],"author":[{"embeddable":true,"href":"https:\/\/linitiative.ca\/International\/wp-json\/wp\/v2\/users\/1816"}],"replies":[{"embeddable":true,"href":"https:\/\/linitiative.ca\/International\/wp-json\/wp\/v2\/comments?post=84806"}],"version-history":[{"count":0,"href":"https:\/\/linitiative.ca\/International\/wp-json\/wp\/v2\/posts\/84806\/revisions"}],"wp:featuredmedia":[{"embeddable":true,"href":"https:\/\/linitiative.ca\/International\/wp-json\/"}],"wp:attachment":[{"href":"https:\/\/linitiative.ca\/International\/wp-json\/wp\/v2\/media?parent=84806"}],"wp:term":[{"taxonomy":"category","embeddable":true,"href":"https:\/\/linitiative.ca\/International\/wp-json\/wp\/v2\/categories?post=84806"},{"taxonomy":"post_tag","embeddable":true,"href":"https:\/\/linitiative.ca\/International\/wp-json\/wp\/v2\/tags?post=84806"}],"curies":[{"name":"wp","href":"https:\/\/api.w.org\/{rel}","templated":true}]}}