{"id":84810,"date":"2020-05-08T11:04:51","date_gmt":"2020-05-08T15:04:51","guid":{"rendered":"https:\/\/linitiative.ca\/International\/levolution-du-covid-19-au-burkina-08-nouveaux-cas-confirmes-a-la-date-du-7-mai-2020\/"},"modified":"2020-05-08T11:04:51","modified_gmt":"2020-05-08T15:04:51","slug":"levolution-du-covid-19-au-burkina-08-nouveaux-cas-confirmes-a-la-date-du-7-mai-2020","status":"publish","type":"post","link":"https:\/\/linitiative.ca\/International\/levolution-du-covid-19-au-burkina-08-nouveaux-cas-confirmes-a-la-date-du-7-mai-2020\/","title":{"rendered":"L\u2019\u00e9volution du Covid-19 au Burkina : 08 nouveaux cas confirm\u00e9s \u00e0 la date du 7 mai 2020"},"content":{"rendered":"<div class=\"td-post-sharing-top td-post-sharing td-ps-bg td-ps-padding td-ps-bar td-post-sharing-style6\">\n<div class=\"td-post-sharing-visible\"><a class=\"td-social-sharing-button td-social-sharing-button-js td-social-network td-social-facebook\" href=\"https:\/\/www.facebook.com\/sharer.php?u=https%3A%2F%2Fwww.sidwaya.info%2Fblog%2F2020%2F05%2F08%2Flevolution-du-covid-19-au-burkina-08-nouveaux-cas-confirmes-a-la-date-du-7-mai-2020%2F\"\/><\/p>\n<p>Facebook<\/p>\n<p><a class=\"td-social-sharing-button td-social-sharing-button-js td-social-network td-social-twitter\" href=\"https:\/\/twitter.com\/intent\/tweet?text=L%E2%80%99%C3%A9volution+du+Covid-19+au+Burkina+%3A+08+nouveaux+cas+confirm%C3%A9s+%C3%A0+la+date+du+7+mai+2020&amp;url=https%3A%2F%2Fwww.sidwaya.info%2Fblog%2F2020%2F05%2F08%2Flevolution-du-covid-19-au-burkina-08-nouveaux-cas-confirmes-a-la-date-du-7-mai-2020%2F&amp;via=Quotidien+Sidwaya\"\/><\/p>\n<p>Twitter<\/p>\n<p><a class=\"td-social-sharing-button td-social-sharing-button-js td-social-network td-social-pinterest\" href=\"https:\/\/pinterest.com\/pin\/create\/button\/?url=https:\/\/www.sidwaya.info\/blog\/2020\/05\/08\/levolution-du-covid-19-au-burkina-08-nouveaux-cas-confirmes-a-la-date-du-7-mai-2020\/&amp;media=&amp;description=L%E2%80%99%C3%A9volution+du+Covid-19+au+Burkina+%3A+08+nouveaux+cas+confirm%C3%A9s+%C3%A0+la+date+du+7+mai+2020\"\/><\/p>\n<p>Pinterest<\/p>\n<p><a class=\"td-social-sharing-button td-social-sharing-button-js td-social-network td-social-whatsapp\" href=\"whatsapp:\/\/send?text=L%E2%80%99%C3%A9volution+du+Covid-19+au+Burkina+%3A+08+nouveaux+cas+confirm%C3%A9s+%C3%A0+la+date+du+7+mai+2020%20%0A%0A%20https:\/\/www.sidwaya.info\/blog\/2020\/05\/08\/levolution-du-covid-19-au-burkina-08-nouveaux-cas-confirmes-a-la-date-du-7-mai-2020\/\"\/><\/p>\n<p>WhatsApp<\/p>\n<p><a class=\"td-social-sharing-button td-social-sharing-button-js td-social-network td-social-linkedin\" href=\"https:\/\/www.linkedin.com\/shareArticle?mini=true&amp;url=https:\/\/www.sidwaya.info\/blog\/2020\/05\/08\/levolution-du-covid-19-au-burkina-08-nouveaux-cas-confirmes-a-la-date-du-7-mai-2020\/&amp;title=L%E2%80%99%C3%A9volution+du+Covid-19+au+Burkina+%3A+08+nouveaux+cas+confirm%C3%A9s+%C3%A0+la+date+du+7+mai+2020\"\/><\/p>\n<p>Linkedin<\/p>\n<p><a class=\"td-social-sharing-button td-social-sharing-button-js td-social-network td-social-mail\" href=\"mailto:?subject=L%E2%80%99%C3%A9volution%20du%20Covid-19%20au%20Burkina%20:%2008%20nouveaux%20cas%20confirm%C3%A9s%20%C3%A0%20la%20date%20du%207%20mai%202020&amp;body=https:\/\/www.sidwaya.info\/blog\/2020\/05\/08\/levolution-du-covid-19-au-burkina-08-nouveaux-cas-confirmes-a-la-date-du-7-mai-2020\/\"\/><\/p>\n<p>Email<\/p>\n<p><a class=\"td-social-sharing-button td-social-sharing-button-js td-social-network td-social-print\" href=\"#\"\/><\/p>\n<p>Print<\/p>\n<p><a class=\"td-social-sharing-button td-social-sharing-button-js td-social-network td-social-tumblr\" href=\"https:\/\/www.tumblr.com\/share\/link?url=https:\/\/www.sidwaya.info\/blog\/2020\/05\/08\/levolution-du-covid-19-au-burkina-08-nouveaux-cas-confirmes-a-la-date-du-7-mai-2020\/&amp;name=L%E2%80%99%C3%A9volution%20du%20Covid-19%20au%20Burkina%20:%2008%20nouveaux%20cas%20confirm%C3%A9s%20%C3%A0%20la%20date%20du%207%20mai%202020\"\/><\/p>\n<p>Tumblr<\/p>\n<p><a class=\"td-social-sharing-button td-social-sharing-button-js td-social-network td-social-telegram\" href=\"https:\/\/telegram.me\/share\/url?url=https:\/\/www.sidwaya.info\/blog\/2020\/05\/08\/levolution-du-covid-19-au-burkina-08-nouveaux-cas-confirmes-a-la-date-du-7-mai-2020\/&amp;text=L%E2%80%99%C3%A9volution+du+Covid-19+au+Burkina+%3A+08+nouveaux+cas+confirm%C3%A9s+%C3%A0+la+date+du+7+mai+2020\"\/><\/p>\n<p>Telegram<\/p>\n<p><a class=\"td-social-sharing-button td-social-sharing-button-js td-social-network td-social-viber\" href=\"viber:\/\/forward?text=L%E2%80%99%C3%A9volution+du+Covid-19+au+Burkina+%3A+08+nouveaux+cas+confirm%C3%A9s+%C3%A0+la+date+du+7+mai+2020%20https:\/\/www.sidwaya.info\/blog\/2020\/05\/08\/levolution-du-covid-19-au-burkina-08-nouveaux-cas-confirmes-a-la-date-du-7-mai-2020\/\"\/><\/p>\n<p>Viber<\/p>\n<p><a class=\"td-social-sharing-button td-social-sharing-button-js td-social-network td-social-naver\" href=\"https:\/\/share.naver.com\/web\/shareView.nhn?url=https:\/\/www.sidwaya.info\/blog\/2020\/05\/08\/levolution-du-covid-19-au-burkina-08-nouveaux-cas-confirmes-a-la-date-du-7-mai-2020\/&amp;title=L%E2%80%99%C3%A9volution+du+Covid-19+au+Burkina+%3A+08+nouveaux+cas+confirm%C3%A9s+%C3%A0+la+date+du+7+mai+2020\"\/><\/p>\n<p>Naver<\/p>\n<\/div>\n<\/div>\n<div class=\"td-post-content tagdiv-type\" readability=\"39\">\n<p>L\u2019hebdomadaire point de presse sur l\u2019\u00e9volution du covid-19 se tient ce vendredi 8 mai 2020, anim\u00e9 par Dr Brice BICABA, Coordonnateur national par int\u00e9rim de la r\u00e9ponse \u00e0 la pand\u00e9mie du Covid-19 et Directeur du CORUS. Sur 117 \u00e9chantillons analys\u00e9s, la situation se pr\u00e9sente comme suit: 08 nouveaux cas confirm\u00e9s portant \u00e0 744 le nombre total de cas confirm\u00e9 ; 04 nouvelles gu\u00e9risons portant \u00e0 566 le nombre total de gu\u00e9rison aucun nouveau d\u00e9c\u00e8s enregistr\u00e9, le total des d\u00e9c\u00e8s reste 48 depuis le d\u00e9but de la maladie.<\/p>\n<p>B.Y<\/p>\n<div class=\"td-a-rec td-a-rec-id-content_bottom tdi_30_32d td_block_template_1\"><img loading=\"lazy\" decoding=\"async\" class=\"aligncenter size-full wp-image-9623\" src=\"https:\/\/www.sidwaya.info\/wp-content\/uploads\/2019\/06\/Projet-bannie\u0300re-Orange-mobile.jpg\" alt=\"\" width=\"728\" height=\"81\"\/><\/div>\n<\/div>\n<footer>\n<div class=\"td-post-sharing-bottom\">\n<p><iframe frameborder=\"0\" src=\"https:\/\/www.facebook.com\/plugins\/like.php?href=https:\/\/www.sidwaya.info\/blog\/2020\/05\/08\/levolution-du-covid-19-au-burkina-08-nouveaux-cas-confirmes-a-la-date-du-7-mai-2020\/&amp;layout=button_count&amp;show_faces=false&amp;width=105&amp;action=like&amp;colorscheme=light&amp;height=21\" class=\"c1\">[embedded content]<\/iframe><\/p>\n<div id=\"td_social_sharing_article_bottom\" class=\"td-post-sharing td-ps-bg td-ps-padding td-post-sharing-style7\">\n<div class=\"td-post-sharing-visible\"><a class=\"td-social-sharing-button td-social-sharing-button-js td-social-network td-social-facebook\" href=\"https:\/\/www.facebook.com\/sharer.php?u=https%3A%2F%2Fwww.sidwaya.info%2Fblog%2F2020%2F05%2F08%2Flevolution-du-covid-19-au-burkina-08-nouveaux-cas-confirmes-a-la-date-du-7-mai-2020%2F\"\/><\/p>\n<p>Facebook<\/p>\n<p><a class=\"td-social-sharing-button td-social-sharing-button-js td-social-network td-social-twitter\" href=\"https:\/\/twitter.com\/intent\/tweet?text=L%E2%80%99%C3%A9volution+du+Covid-19+au+Burkina+%3A+08+nouveaux+cas+confirm%C3%A9s+%C3%A0+la+date+du+7+mai+2020&amp;url=https%3A%2F%2Fwww.sidwaya.info%2Fblog%2F2020%2F05%2F08%2Flevolution-du-covid-19-au-burkina-08-nouveaux-cas-confirmes-a-la-date-du-7-mai-2020%2F&amp;via=Quotidien+Sidwaya\"\/><\/p>\n<p>Twitter<\/p>\n<p><a class=\"td-social-sharing-button td-social-sharing-button-js td-social-network td-social-pinterest\" href=\"https:\/\/pinterest.com\/pin\/create\/button\/?url=https:\/\/www.sidwaya.info\/blog\/2020\/05\/08\/levolution-du-covid-19-au-burkina-08-nouveaux-cas-confirmes-a-la-date-du-7-mai-2020\/&amp;media=&amp;description=L%E2%80%99%C3%A9volution+du+Covid-19+au+Burkina+%3A+08+nouveaux+cas+confirm%C3%A9s+%C3%A0+la+date+du+7+mai+2020\"\/><\/p>\n<p>Pinterest<\/p>\n<p><a class=\"td-social-sharing-button td-social-sharing-button-js td-social-network td-social-whatsapp\" href=\"whatsapp:\/\/send?text=L%E2%80%99%C3%A9volution+du+Covid-19+au+Burkina+%3A+08+nouveaux+cas+confirm%C3%A9s+%C3%A0+la+date+du+7+mai+2020%20%0A%0A%20https:\/\/www.sidwaya.info\/blog\/2020\/05\/08\/levolution-du-covid-19-au-burkina-08-nouveaux-cas-confirmes-a-la-date-du-7-mai-2020\/\"\/><\/p>\n<p>WhatsApp<\/p>\n<p><a class=\"td-social-sharing-button td-social-sharing-button-js td-social-network td-social-linkedin\" href=\"https:\/\/www.linkedin.com\/shareArticle?mini=true&amp;url=https:\/\/www.sidwaya.info\/blog\/2020\/05\/08\/levolution-du-covid-19-au-burkina-08-nouveaux-cas-confirmes-a-la-date-du-7-mai-2020\/&amp;title=L%E2%80%99%C3%A9volution+du+Covid-19+au+Burkina+%3A+08+nouveaux+cas+confirm%C3%A9s+%C3%A0+la+date+du+7+mai+2020\"\/><\/p>\n<p>Linkedin<\/p>\n<p><a class=\"td-social-sharing-button td-social-sharing-button-js td-social-network td-social-mail\" href=\"mailto:?subject=L%E2%80%99%C3%A9volution%20du%20Covid-19%20au%20Burkina%20:%2008%20nouveaux%20cas%20confirm%C3%A9s%20%C3%A0%20la%20date%20du%207%20mai%202020&amp;body=https:\/\/www.sidwaya.info\/blog\/2020\/05\/08\/levolution-du-covid-19-au-burkina-08-nouveaux-cas-confirmes-a-la-date-du-7-mai-2020\/\"\/><\/p>\n<p>Email<\/p>\n<p><a class=\"td-social-sharing-button td-social-sharing-button-js td-social-network td-social-print\" href=\"#\"\/><\/p>\n<p>Print<\/p>\n<p><a class=\"td-social-sharing-button td-social-sharing-button-js td-social-network td-social-tumblr\" href=\"https:\/\/www.tumblr.com\/share\/link?url=https:\/\/www.sidwaya.info\/blog\/2020\/05\/08\/levolution-du-covid-19-au-burkina-08-nouveaux-cas-confirmes-a-la-date-du-7-mai-2020\/&amp;name=L%E2%80%99%C3%A9volution%20du%20Covid-19%20au%20Burkina%20:%2008%20nouveaux%20cas%20confirm%C3%A9s%20%C3%A0%20la%20date%20du%207%20mai%202020\"\/><\/p>\n<p>Tumblr<\/p>\n<p><a class=\"td-social-sharing-button td-social-sharing-button-js td-social-network td-social-telegram\" href=\"https:\/\/telegram.me\/share\/url?url=https:\/\/www.sidwaya.info\/blog\/2020\/05\/08\/levolution-du-covid-19-au-burkina-08-nouveaux-cas-confirmes-a-la-date-du-7-mai-2020\/&amp;text=L%E2%80%99%C3%A9volution+du+Covid-19+au+Burkina+%3A+08+nouveaux+cas+confirm%C3%A9s+%C3%A0+la+date+du+7+mai+2020\"\/><\/p>\n<p>Telegram<\/p>\n<p><a class=\"td-social-sharing-button td-social-sharing-button-js td-social-network td-social-viber\" href=\"viber:\/\/forward?text=L%E2%80%99%C3%A9volution+du+Covid-19+au+Burkina+%3A+08+nouveaux+cas+confirm%C3%A9s+%C3%A0+la+date+du+7+mai+2020%20https:\/\/www.sidwaya.info\/blog\/2020\/05\/08\/levolution-du-covid-19-au-burkina-08-nouveaux-cas-confirmes-a-la-date-du-7-mai-2020\/\"\/><\/p>\n<p>Viber<\/p>\n<p><a class=\"td-social-sharing-button td-social-sharing-button-js td-social-network td-social-naver\" href=\"https:\/\/share.naver.com\/web\/shareView.nhn?url=https:\/\/www.sidwaya.info\/blog\/2020\/05\/08\/levolution-du-covid-19-au-burkina-08-nouveaux-cas-confirmes-a-la-date-du-7-mai-2020\/&amp;title=L%E2%80%99%C3%A9volution+du+Covid-19+au+Burkina+%3A+08+nouveaux+cas+confirm%C3%A9s+%C3%A0+la+date+du+7+mai+2020\"\/><\/p>\n<p>Naver<\/p>\n<\/div>\n<\/div>\n<\/div>\n<div class=\"td-block-row td-post-next-prev\">\n<div class=\"td-block-span6 td-post-prev-post td-post-next-prev-content\"><span>Article pr\u00e9c\u00e9dent<\/span><a href=\"https:\/\/www.sidwaya.info\/blog\/2020\/05\/08\/lutte-contre-le-coronavirus-madagascar-offre-du-covid-organics-au-burkina-faso\/\">Lutte contre le coronavirus: Madagascar offre du Covid-Organics au Burkina Faso<\/a><\/div>\n<\/div>\n<\/footer>\n<p>Auteur: BS. Sidwaya<br \/>\n<a href=\"https:\/\/www.sidwaya.info\/blog\/2020\/05\/08\/levolution-du-covid-19-au-burkina-08-nouveaux-cas-confirmes-a-la-date-du-7-mai-2020\/\">Cliquez ici pour lire l&rsquo;article depuis sa source.<\/a><\/p>\n","protected":false},"excerpt":{"rendered":"<p>Facebook Twitter Pinterest WhatsApp Linkedin Email Print Tumblr Telegram Viber Naver L\u2019hebdomadaire point de presse sur l\u2019\u00e9volution du covid-19 se tient ce vendredi 8 mai 2020, anim\u00e9 par Dr Brice BICABA, Coordonnateur national par int\u00e9rim de la r\u00e9ponse \u00e0 la pand\u00e9mie du Covid-19 et Directeur du CORUS. Sur 117 \u00e9chantillons analys\u00e9s, la situation se pr\u00e9sente [&hellip;]<\/p>\n","protected":false},"author":1816,"featured_media":84811,"comment_status":"closed","ping_status":"closed","sticky":false,"template":"","format":"standard","meta":{"fifu_image_url":"","fifu_image_alt":"","footnotes":""},"categories":[73,81],"tags":[],"class_list":["post-84810","post","type-post","status-publish","format-standard","has-post-thumbnail","hentry","category-actualite","category-burkina-faso"],"_links":{"self":[{"href":"https:\/\/linitiative.ca\/International\/wp-json\/wp\/v2\/posts\/84810","targetHints":{"allow":["GET"]}}],"collection":[{"href":"https:\/\/linitiative.ca\/International\/wp-json\/wp\/v2\/posts"}],"about":[{"href":"https:\/\/linitiative.ca\/International\/wp-json\/wp\/v2\/types\/post"}],"author":[{"embeddable":true,"href":"https:\/\/linitiative.ca\/International\/wp-json\/wp\/v2\/users\/1816"}],"replies":[{"embeddable":true,"href":"https:\/\/linitiative.ca\/International\/wp-json\/wp\/v2\/comments?post=84810"}],"version-history":[{"count":0,"href":"https:\/\/linitiative.ca\/International\/wp-json\/wp\/v2\/posts\/84810\/revisions"}],"wp:featuredmedia":[{"embeddable":true,"href":"https:\/\/linitiative.ca\/International\/wp-json\/"}],"wp:attachment":[{"href":"https:\/\/linitiative.ca\/International\/wp-json\/wp\/v2\/media?parent=84810"}],"wp:term":[{"taxonomy":"category","embeddable":true,"href":"https:\/\/linitiative.ca\/International\/wp-json\/wp\/v2\/categories?post=84810"},{"taxonomy":"post_tag","embeddable":true,"href":"https:\/\/linitiative.ca\/International\/wp-json\/wp\/v2\/tags?post=84810"}],"curies":[{"name":"wp","href":"https:\/\/api.w.org\/{rel}","templated":true}]}}