{"id":84812,"date":"2020-05-08T15:56:02","date_gmt":"2020-05-08T19:56:02","guid":{"rendered":"https:\/\/linitiative.ca\/International\/ouest-cameroun-le-projet-route-des-chefferies-recoit-13-milliard-de-f-cfa-de-contribution-de-la-france\/"},"modified":"2020-05-08T15:56:02","modified_gmt":"2020-05-08T19:56:02","slug":"ouest-cameroun-le-projet-route-des-chefferies-recoit-13-milliard-de-f-cfa-de-contribution-de-la-france","status":"publish","type":"post","link":"https:\/\/linitiative.ca\/International\/ouest-cameroun-le-projet-route-des-chefferies-recoit-13-milliard-de-f-cfa-de-contribution-de-la-france\/","title":{"rendered":"Ouest-Cameroun: le projet \u201cRoute des chefferies\u201d re\u00e7oit 1,3 milliard de F CFA de contribution de la France"},"content":{"rendered":"<div readability=\"32\">\n<p>Publi\u00e9 le 08.05.2020 \u00e0 20h56 par JournalduCameroun.com<\/p>\n<\/div>\n<div readability=\"72\">\n<h2>Le financement a \u00e9t\u00e9 accord\u00e9 par l\u2019Agence fran\u00e7aise de d\u00e9veloppement au promoteur de ce projet de valorisation des richesses culturelles du pays bamil\u00e9k\u00e9, Joseph Fokou<\/h2>\n<p><span class=\"c5\">Le projet<\/span> <strong><em>\u201cRoute des chefferies\u201d<\/em><\/strong><span class=\"c5\">, qui a d\u00e9j\u00e0 \u00e0 son actif plus de 14 mus\u00e9es dans la r\u00e9gion de l\u2019Ouest, a re\u00e7u une contribution de 2 millions d\u2019euros (1 310 000 000 FCFA) de la <strong>France<\/strong>.<\/span><\/p>\n<p><span class=\"c5\">La convention de financement d\u2019appui y relative a \u00e9t\u00e9 sign\u00e9e le 30 avril dernier \u00e0 Yaound\u00e9, entre l\u2019Ambassadeur de France au Cameroun, <strong>Christophe Guilhou<\/strong>, le directeur adjoint de l\u2019AFD au Cameroun, <strong>Nicolas Willemin<\/strong>, le pr\u00e9sident de l\u2019association Route des Chefferies,<\/span> <strong>Joseph Fokou<\/strong><span class=\"c5\">.<\/span><\/p>\n<p><span class=\"c5\">Le projet vise \u00e0 am\u00e9liorer l\u2019offre touristique en pays bamil\u00e9k\u00e9.\u00a0<\/span><\/p>\n<p><span class=\"c5\"><em>\u201cEn renfor\u00e7ant la valorisation et la conservation du patrimoine culturel, naturel et cr\u00e9atif de la r\u00e9gion de l\u2019Ouest, le projet AFD-PRDC permettra l\u2019am\u00e9lioration et la diversification de l\u2019offre touristique et patrimoniale du territoire. L\u2019accent sera mis sur la r\u00e9novation du patrimoine b\u00e2ti et des structures mus\u00e9ales existantes, ainsi que sur la cr\u00e9ation d\u2019une Cit\u00e9 du Patrimoine [\u2026] Plusieurs sites naturels seront \u00e9galement am\u00e9nag\u00e9s, afin de garantir leur pr\u00e9servation et leur attractivit\u00e9. Les artisans de la r\u00e9gion Ouest, nombreux mais dont le potentiel \u00e9conomique demeure sous-exploit\u00e9, b\u00e9n\u00e9ficieront d\u2019actions de renforcement de capacit\u00e9s et de valorisation de leurs produits, afin de renforcer la cha\u00eene de valeur de l\u2019artisanat\u201d<\/em>, selon l\u2019ambassade de France au Cameroun.<\/span><\/p>\n<p><span class=\"c5\">Les communes et villes unies de l\u2019Ouest (CVUC-Ouest), des promoteurs culturels priv\u00e9s ainsi qu\u2019une cinquantaine de chefs traditionnels sont li\u00e9s \u00e0 l\u2019ONG Route des chefferies depuis 2006 dans le cadre d\u2019une charte des chefferies.<\/span><\/p>\n<p><span class=\"c5\">D\u2019apr\u00e8s l\u2019ambassade de France au Cameroun, c\u2019est par ailleurs le Programme Route des chefferies (PRDC) qui a contribu\u00e9, en 2013, \u00e0 la cr\u00e9ation de l\u2019Office r\u00e9gional de tourisme de l\u2019Ouest (<\/span><strong>Ortoc<\/strong><span class=\"c5\">).<\/span><\/p>\n<\/div>\n<p>Auteur: Eug\u00e8ne SHEMA<br \/>\n<a href=\"https:\/\/www.journalducameroun.com\/ouest-cameroun-le-projet-route-des-chefferies-recoit-13-milliard-de-f-cfa-de-contribution-de-la-france\/\">Cliquez ici pour lire l&rsquo;article depuis sa source.<\/a><\/p>\n","protected":false},"excerpt":{"rendered":"<p>Publi\u00e9 le 08.05.2020 \u00e0 20h56 par JournalduCameroun.com Le financement a \u00e9t\u00e9 accord\u00e9 par l\u2019Agence fran\u00e7aise de d\u00e9veloppement au promoteur de ce projet de valorisation des richesses culturelles du pays bamil\u00e9k\u00e9, Joseph Fokou Le projet \u201cRoute des chefferies\u201d, qui a d\u00e9j\u00e0 \u00e0 son actif plus de 14 mus\u00e9es dans la r\u00e9gion de l\u2019Ouest, a re\u00e7u une [&hellip;]<\/p>\n","protected":false},"author":1965,"featured_media":0,"comment_status":"closed","ping_status":"closed","sticky":false,"template":"","format":"standard","meta":{"fifu_image_url":"","fifu_image_alt":"","footnotes":""},"categories":[73,82],"tags":[],"class_list":["post-84812","post","type-post","status-publish","format-standard","hentry","category-actualite","category-cameroun"],"_links":{"self":[{"href":"https:\/\/linitiative.ca\/International\/wp-json\/wp\/v2\/posts\/84812","targetHints":{"allow":["GET"]}}],"collection":[{"href":"https:\/\/linitiative.ca\/International\/wp-json\/wp\/v2\/posts"}],"about":[{"href":"https:\/\/linitiative.ca\/International\/wp-json\/wp\/v2\/types\/post"}],"author":[{"embeddable":true,"href":"https:\/\/linitiative.ca\/International\/wp-json\/wp\/v2\/users\/1965"}],"replies":[{"embeddable":true,"href":"https:\/\/linitiative.ca\/International\/wp-json\/wp\/v2\/comments?post=84812"}],"version-history":[{"count":0,"href":"https:\/\/linitiative.ca\/International\/wp-json\/wp\/v2\/posts\/84812\/revisions"}],"wp:attachment":[{"href":"https:\/\/linitiative.ca\/International\/wp-json\/wp\/v2\/media?parent=84812"}],"wp:term":[{"taxonomy":"category","embeddable":true,"href":"https:\/\/linitiative.ca\/International\/wp-json\/wp\/v2\/categories?post=84812"},{"taxonomy":"post_tag","embeddable":true,"href":"https:\/\/linitiative.ca\/International\/wp-json\/wp\/v2\/tags?post=84812"}],"curies":[{"name":"wp","href":"https:\/\/api.w.org\/{rel}","templated":true}]}}