{"id":84813,"date":"2020-05-08T16:17:06","date_gmt":"2020-05-08T20:17:06","guid":{"rendered":"https:\/\/linitiative.ca\/International\/le-cameroun-na-pas-encore-vaincu-le-coronavirus-met-en-garde-le-ministre-de-la-sante-publique\/"},"modified":"2020-05-08T16:17:06","modified_gmt":"2020-05-08T20:17:06","slug":"le-cameroun-na-pas-encore-vaincu-le-coronavirus-met-en-garde-le-ministre-de-la-sante-publique","status":"publish","type":"post","link":"https:\/\/linitiative.ca\/International\/le-cameroun-na-pas-encore-vaincu-le-coronavirus-met-en-garde-le-ministre-de-la-sante-publique\/","title":{"rendered":"\u201cLe Cameroun n\u2019a pas encore vaincu le coronavirus\u201d, met en garde le ministre de la Sant\u00e9 publique"},"content":{"rendered":"<div readability=\"32\">\n<p>Publi\u00e9 le 08.05.2020 \u00e0 21h17 par JournalduCameroun.com<\/p>\n<\/div>\n<div readability=\"45.821042281219\">\n<h2>Manaouda Malachie constate un \u201crel\u00e2chement\u201d dans l\u2019application des mesures \u00e9dict\u00e9es par le gouvernement et estime qu\u2019il faudrait peut-\u00eatre les \u201crenforcer\u201d<\/h2>\n<p><span class=\"c5\">Le ministre de la Sant\u00e9 publique,<\/span> <strong>Manaouda Malachie<\/strong><span class=\"c5\">, a d\u00e9plor\u00e9, vendredi 08 mai en soir\u00e9e sur la t\u00e9l\u00e9vision publique, un<\/span> <em><span class=\"c5\">\u201crel\u00e2chement\u201d<\/span><\/em> <span class=\"c5\">dans l\u2019application des mesures \u00e9dict\u00e9es par le gouvernement pour limiter la propagation du nouveau coronavirus; rel\u00e2chement observ\u00e9 depuis la<\/span> <a href=\"https:\/\/www.journalducameroun.com\/covid-19-quasi-retour-vie-normale-cameroun\/\"><span class=\"c5\">lev\u00e9e des restrictions concernant les d\u00e9bits de boisson et les transports en commun<\/span><\/a> <span class=\"c5\">\u2013 le 30 avril.<\/span><\/p>\n<p><em><span class=\"c5\">\u201cLe Cameroun n\u2019a pas encore vaincu le coronavirus\u201d<\/span><\/em><span class=\"c5\">, a-t-il affirm\u00e9; estimant m\u00eame qu\u2019il faudrait peut-\u00eatre<\/span> <em><span class=\"c5\">\u201crenforcer\u201d<\/span><\/em> <span class=\"c5\">l\u2019application des mesures barri\u00e8res (distanciation sociale, lavage r\u00e9gulier des mains, port du masque entre autres).<\/span><\/p>\n<p><span class=\"c5\">Le Cameroun a officiellement enregistr\u00e9 un premier cas de coronavirus le 06 mars. Au 07 mai, le gouvernement faisait \u00e9tat de 2265 cas positifs d\u2019infection et 86 d\u00e9c\u00e8s dus au Covid-19.\u00a0<\/span><\/p>\n<\/div>\n<p>Auteur: Eug\u00e8ne SHEMA<br \/>\n<a href=\"https:\/\/www.journalducameroun.com\/le-cameroun-na-pas-encore-vaincu-le-coronavirus-met-en-garde-le-ministre-de-la-sante-publique\/\">Cliquez ici pour lire l&rsquo;article depuis sa source.<\/a><\/p>\n","protected":false},"excerpt":{"rendered":"<p>Publi\u00e9 le 08.05.2020 \u00e0 21h17 par JournalduCameroun.com Manaouda Malachie constate un \u201crel\u00e2chement\u201d dans l\u2019application des mesures \u00e9dict\u00e9es par le gouvernement et estime qu\u2019il faudrait peut-\u00eatre les \u201crenforcer\u201d Le ministre de la Sant\u00e9 publique, Manaouda Malachie, a d\u00e9plor\u00e9, vendredi 08 mai en soir\u00e9e sur la t\u00e9l\u00e9vision publique, un \u201crel\u00e2chement\u201d dans l\u2019application des mesures \u00e9dict\u00e9es par le [&hellip;]<\/p>\n","protected":false},"author":1965,"featured_media":0,"comment_status":"closed","ping_status":"closed","sticky":false,"template":"","format":"standard","meta":{"fifu_image_url":"","fifu_image_alt":"","footnotes":""},"categories":[73,82],"tags":[],"class_list":["post-84813","post","type-post","status-publish","format-standard","hentry","category-actualite","category-cameroun"],"_links":{"self":[{"href":"https:\/\/linitiative.ca\/International\/wp-json\/wp\/v2\/posts\/84813","targetHints":{"allow":["GET"]}}],"collection":[{"href":"https:\/\/linitiative.ca\/International\/wp-json\/wp\/v2\/posts"}],"about":[{"href":"https:\/\/linitiative.ca\/International\/wp-json\/wp\/v2\/types\/post"}],"author":[{"embeddable":true,"href":"https:\/\/linitiative.ca\/International\/wp-json\/wp\/v2\/users\/1965"}],"replies":[{"embeddable":true,"href":"https:\/\/linitiative.ca\/International\/wp-json\/wp\/v2\/comments?post=84813"}],"version-history":[{"count":0,"href":"https:\/\/linitiative.ca\/International\/wp-json\/wp\/v2\/posts\/84813\/revisions"}],"wp:attachment":[{"href":"https:\/\/linitiative.ca\/International\/wp-json\/wp\/v2\/media?parent=84813"}],"wp:term":[{"taxonomy":"category","embeddable":true,"href":"https:\/\/linitiative.ca\/International\/wp-json\/wp\/v2\/categories?post=84813"},{"taxonomy":"post_tag","embeddable":true,"href":"https:\/\/linitiative.ca\/International\/wp-json\/wp\/v2\/tags?post=84813"}],"curies":[{"name":"wp","href":"https:\/\/api.w.org\/{rel}","templated":true}]}}