{"id":84814,"date":"2020-05-08T16:34:48","date_gmt":"2020-05-08T20:34:48","guid":{"rendered":"https:\/\/linitiative.ca\/International\/cameroun-en-contexte-de-covid-19-le-gouvernement-invite-les-parents-a-ne-pas-oublier-les-vaccinations-ordinaires\/"},"modified":"2020-05-08T16:34:48","modified_gmt":"2020-05-08T20:34:48","slug":"cameroun-en-contexte-de-covid-19-le-gouvernement-invite-les-parents-a-ne-pas-oublier-les-vaccinations-ordinaires","status":"publish","type":"post","link":"https:\/\/linitiative.ca\/International\/cameroun-en-contexte-de-covid-19-le-gouvernement-invite-les-parents-a-ne-pas-oublier-les-vaccinations-ordinaires\/","title":{"rendered":"Cameroun: en contexte de Covid-19, le gouvernement invite les parents \u00e0 ne pas oublier les vaccinations ordinaires"},"content":{"rendered":"<div readability=\"32\">\n<p>Publi\u00e9 le 08.05.2020 \u00e0 21h34 par JournalduCameroun.com<\/p>\n<\/div>\n<div readability=\"47\">\n<h2>R\u00e9action faite suite aux rumeurs sur des tests de vaccin contre le nouveau coronavirus<\/h2>\n<p><span class=\"c5\">Le gouvernement camerounais, par la voix du ministre de la Sant\u00e9 publique, a invit\u00e9 les parents et autres personnes \u00e0 ne pas oublier de suivre les vaccinations ordinaires en contexte de lutte contre la pand\u00e9mie du Covid-19 qui occupe le devant de l\u2019actualit\u00e9.<\/span><\/p>\n<p><span class=\"c5\">Manaouda Malachie a \u00e9mis la recommandation, le 08 mai en soir\u00e9e sur la t\u00e9l\u00e9vision publique, apr\u00e8s avoir infirm\u00e9 des tests de vaccin contre le nouveau coronavirus au Cameroun.<\/span><\/p>\n<p><span class=\"c5\">Il a assur\u00e9 qu\u2019il faudrait se rendre, apr\u00e8s la pand\u00e9mie, dans les centres de sant\u00e9 et \u00e9tablissements hospitaliers pour suivre comme \u00e0 l\u2019accoutum\u00e9e le programme des vaccins ordinaires recommand\u00e9s.<\/span><\/p>\n<\/div>\n<p>Auteur: Eug\u00e8ne SHEMA<br \/>\n<a href=\"https:\/\/www.journalducameroun.com\/cameroun-en-contexte-de-covid-19-le-gouvernement-invite-les-parents-a-ne-pas-oublier-de-suivre-les-vaccinations-ordinaires\/\">Cliquez ici pour lire l&rsquo;article depuis sa source.<\/a><\/p>\n","protected":false},"excerpt":{"rendered":"<p>Publi\u00e9 le 08.05.2020 \u00e0 21h34 par JournalduCameroun.com R\u00e9action faite suite aux rumeurs sur des tests de vaccin contre le nouveau coronavirus Le gouvernement camerounais, par la voix du ministre de la Sant\u00e9 publique, a invit\u00e9 les parents et autres personnes \u00e0 ne pas oublier de suivre les vaccinations ordinaires en contexte de lutte contre la [&hellip;]<\/p>\n","protected":false},"author":1965,"featured_media":0,"comment_status":"closed","ping_status":"closed","sticky":false,"template":"","format":"standard","meta":{"fifu_image_url":"","fifu_image_alt":"","footnotes":""},"categories":[73,82],"tags":[],"class_list":["post-84814","post","type-post","status-publish","format-standard","hentry","category-actualite","category-cameroun"],"_links":{"self":[{"href":"https:\/\/linitiative.ca\/International\/wp-json\/wp\/v2\/posts\/84814","targetHints":{"allow":["GET"]}}],"collection":[{"href":"https:\/\/linitiative.ca\/International\/wp-json\/wp\/v2\/posts"}],"about":[{"href":"https:\/\/linitiative.ca\/International\/wp-json\/wp\/v2\/types\/post"}],"author":[{"embeddable":true,"href":"https:\/\/linitiative.ca\/International\/wp-json\/wp\/v2\/users\/1965"}],"replies":[{"embeddable":true,"href":"https:\/\/linitiative.ca\/International\/wp-json\/wp\/v2\/comments?post=84814"}],"version-history":[{"count":0,"href":"https:\/\/linitiative.ca\/International\/wp-json\/wp\/v2\/posts\/84814\/revisions"}],"wp:attachment":[{"href":"https:\/\/linitiative.ca\/International\/wp-json\/wp\/v2\/media?parent=84814"}],"wp:term":[{"taxonomy":"category","embeddable":true,"href":"https:\/\/linitiative.ca\/International\/wp-json\/wp\/v2\/categories?post=84814"},{"taxonomy":"post_tag","embeddable":true,"href":"https:\/\/linitiative.ca\/International\/wp-json\/wp\/v2\/tags?post=84814"}],"curies":[{"name":"wp","href":"https:\/\/api.w.org\/{rel}","templated":true}]}}