{"id":84817,"date":"2020-05-08T12:13:14","date_gmt":"2020-05-08T16:13:14","guid":{"rendered":"https:\/\/linitiative.ca\/International\/credits-tva-le-minfi-avance-15-milliards-de-f-cfa-aux-entreprises\/"},"modified":"2020-05-08T12:13:14","modified_gmt":"2020-05-08T16:13:14","slug":"credits-tva-le-minfi-avance-15-milliards-de-f-cfa-aux-entreprises","status":"publish","type":"post","link":"https:\/\/linitiative.ca\/International\/credits-tva-le-minfi-avance-15-milliards-de-f-cfa-aux-entreprises\/","title":{"rendered":"Cr\u00e9dits TVA : le Minfi avance 15 milliards de F CFA aux entreprises"},"content":{"rendered":"<div id=\"the-post\">\n<div class=\"featured-area featured-area-inner\"><img loading=\"lazy\" decoding=\"async\" width=\"780\" height=\"440\" src=\"https:\/\/ecomatin.net\/wp-content\/uploads\/2020\/05\/MINFI.png\" class=\"attachment-jannah-image-post size-jannah-image-post wp-post-image\" alt=\"LE MINFI\" srcset=\"https:\/\/ecomatin.net\/wp-content\/uploads\/2020\/05\/MINFI.png 780w, https:\/\/ecomatin.net\/wp-content\/uploads\/2020\/05\/MINFI-300x169.png 300w, https:\/\/ecomatin.net\/wp-content\/uploads\/2020\/05\/MINFI-768x433.png 768w, https:\/\/ecomatin.net\/wp-content\/uploads\/2020\/05\/MINFI-390x220.png 390w\" sizes=\"auto, (max-width: 780px) 100vw, 780px\" data-attachment-id=\"15845\" data-permalink=\"https:\/\/ecomatin.net\/credits-tva-le-minfi-avance-15-milliards-de-f-cfa-aux-entreprises\/minfi-10\/\" data-orig-file=\"https:\/\/ecomatin.net\/wp-content\/uploads\/2020\/05\/MINFI.png\" data-orig-size=\"780,440\" data-comments-opened=\"0\" data-image-meta=\"{&quot;aperture&quot;:&quot;0&quot;,&quot;credit&quot;:&quot;&quot;,&quot;camera&quot;:&quot;&quot;,&quot;caption&quot;:&quot;&quot;,&quot;created_timestamp&quot;:&quot;0&quot;,&quot;copyright&quot;:&quot;&quot;,&quot;focal_length&quot;:&quot;0&quot;,&quot;iso&quot;:&quot;0&quot;,&quot;shutter_speed&quot;:&quot;0&quot;,&quot;title&quot;:&quot;&quot;,&quot;orientation&quot;:&quot;0&quot;}\" data-image-title=\"MINFI\" data-image-description=\"\" data-medium-file=\"https:\/\/ecomatin.net\/wp-content\/uploads\/2020\/05\/MINFI-300x169.png\" data-large-file=\"https:\/\/ecomatin.net\/wp-content\/uploads\/2020\/05\/MINFI.png\"\/><\/div>\n<div class=\"entry-content entry clearfix\" readability=\"44.127297176154\">\n<p>En vue de soutenir les entreprises durement impact\u00e9s par la crise sanitaire du coronavirus, le ministre des finances Louis Paul Motaze a annonc\u00e9 que 15 milliards de FCFA \u00e9taient d\u00e9j\u00e0 mobilis\u00e9s pour l\u2019apurement des cr\u00e9dits de TVA en attente de remboursement. C\u2019\u00e9tait au cours de la r\u00e9union hebdomadaire du comit\u00e9 interminist\u00e9riel charg\u00e9 d\u2019\u00e9valuer et de suivre la mise en \u0153uvre de la strat\u00e9gie gouvernementale de riposte contre le Covid-19 tenu le 7 mai dernier et pr\u00e9sid\u00e9e par le premier Ministre Joseph Dion Ngute. Cet apurement, qui devrait monter \u00e0 25 milliards, est une exigence du chef de l\u2019Etat en soutien \u00e0 la tr\u00e9sorerie des entreprises locales.<\/p>\n<p>Mais ce n\u2019est pas tout, en faveur du secteur priv\u00e9, Paul Biya a \u00e9galement instruit \u00e0 son gouvernement un certain nombre d\u2019all\u00e8gements qui pour certains sont d\u00e9j\u00e0 effectifs. C\u2019est le cas des exon\u00e9rations de la taxe de s\u00e9jour dans le secteur h\u00f4telier, et les restaurants, de l\u2019imp\u00f4t lib\u00e9ratoire et de la taxe \u00e0 l\u2019essieu au titre du second trimestre. S\u2019agissant des autres mesures de soutien aux entreprises, Louis Paul Motaze a fait savoir que des circulaires \u00e9taient en cours d\u2019\u00e9laboration pour pr\u00e9ciser les modalit\u00e9s de leur application. Le Premier ministre a n\u00e9anmoins instruit le ministre des Finances d\u2019acc\u00e9l\u00e9rer la mise en \u0153uvre effective et int\u00e9grale de ces mesures de soutien\u00a0\u00a0\u00e9conomique.<\/p>\n<p>Notons qu\u2019\u00e0 ce jour le Cameroun compte 2\u00a0265 cas positifs, pour 1\u00a0221 personnes ayant recouvr\u00e9s la sant\u00e9 et 86 d\u00e9c\u00e8s, comme l\u2019a indiqu\u00e9 le ministre de la Sant\u00e9 publique au cours de la rencontre virtuelle.<\/p>\n<p class=\"has-background has-very-light-gray-background-color c2\"><strong><code>&gt;&gt;LIRE AUSSI :<\/code><\/strong> <strong><a href=\"http:\/\/Coronavirus%20:%20les%20d%C3%A9bits%20de%20boisson%20peuvent%20d%C3%A9sormais%20rester%20ouverts%20au-del%C3%A0%20de%2018h\">les d\u00e9bits de boisson peuvent d\u00e9sormais rester ouverts au-del\u00e0 de 18h<\/a><\/strong><\/p>\n<div class=\"awac-wrapper awac widget posts-list-widget-13\">\n<h4 class=\"widget-title\">Recent Posts<\/h4>\n<\/div>\n<\/div>\n<\/div>\n<div readability=\"31.5\">\n<div class=\"container-wrapper subscribe-widget widget-inner-wrap subscribe-widget-content\" id=\"post-newsletter\" readability=\"33\">\n<h4>With Product You Purchase<\/h4>\n<h3>Subscribe to our mailing list to get the new updates!<\/h3>\n<p>Lorem ipsum dolor sit amet, consectetur.<\/p>\n<\/div>\n<\/div>\n<p>Auteur: EcoMatin<br \/>\n<a href=\"https:\/\/ecomatin.net\/credits-tva-le-minfi-avance-15-milliards-de-f-cfa-aux-entreprises\/\">Cliquez ici pour lire l&rsquo;article depuis sa source.<\/a><\/p>\n","protected":false},"excerpt":{"rendered":"<p>En vue de soutenir les entreprises durement impact\u00e9s par la crise sanitaire du coronavirus, le ministre des finances Louis Paul Motaze a annonc\u00e9 que 15 milliards de FCFA \u00e9taient d\u00e9j\u00e0 mobilis\u00e9s pour l\u2019apurement des cr\u00e9dits de TVA en attente de remboursement. C\u2019\u00e9tait au cours de la r\u00e9union hebdomadaire du comit\u00e9 interminist\u00e9riel charg\u00e9 d\u2019\u00e9valuer et de [&hellip;]<\/p>\n","protected":false},"author":1969,"featured_media":84818,"comment_status":"closed","ping_status":"closed","sticky":false,"template":"","format":"standard","meta":{"fifu_image_url":"","fifu_image_alt":"","footnotes":""},"categories":[82,78],"tags":[],"class_list":["post-84817","post","type-post","status-publish","format-standard","has-post-thumbnail","hentry","category-cameroun","category-economie"],"_links":{"self":[{"href":"https:\/\/linitiative.ca\/International\/wp-json\/wp\/v2\/posts\/84817","targetHints":{"allow":["GET"]}}],"collection":[{"href":"https:\/\/linitiative.ca\/International\/wp-json\/wp\/v2\/posts"}],"about":[{"href":"https:\/\/linitiative.ca\/International\/wp-json\/wp\/v2\/types\/post"}],"author":[{"embeddable":true,"href":"https:\/\/linitiative.ca\/International\/wp-json\/wp\/v2\/users\/1969"}],"replies":[{"embeddable":true,"href":"https:\/\/linitiative.ca\/International\/wp-json\/wp\/v2\/comments?post=84817"}],"version-history":[{"count":0,"href":"https:\/\/linitiative.ca\/International\/wp-json\/wp\/v2\/posts\/84817\/revisions"}],"wp:featuredmedia":[{"embeddable":true,"href":"https:\/\/linitiative.ca\/International\/wp-json\/"}],"wp:attachment":[{"href":"https:\/\/linitiative.ca\/International\/wp-json\/wp\/v2\/media?parent=84817"}],"wp:term":[{"taxonomy":"category","embeddable":true,"href":"https:\/\/linitiative.ca\/International\/wp-json\/wp\/v2\/categories?post=84817"},{"taxonomy":"post_tag","embeddable":true,"href":"https:\/\/linitiative.ca\/International\/wp-json\/wp\/v2\/tags?post=84817"}],"curies":[{"name":"wp","href":"https:\/\/api.w.org\/{rel}","templated":true}]}}