{"id":84821,"date":"2020-05-08T12:33:40","date_gmt":"2020-05-08T16:33:40","guid":{"rendered":"https:\/\/linitiative.ca\/International\/sabc-lance-un-programme-de-lavage-des-mains-dans-les-marches\/"},"modified":"2020-05-08T12:33:40","modified_gmt":"2020-05-08T16:33:40","slug":"sabc-lance-un-programme-de-lavage-des-mains-dans-les-marches","status":"publish","type":"post","link":"https:\/\/linitiative.ca\/International\/sabc-lance-un-programme-de-lavage-des-mains-dans-les-marches\/","title":{"rendered":"Sabc lance un programme de lavage des mains dans les march\u00e9s"},"content":{"rendered":"<div id=\"the-post\">\n<div class=\"featured-area featured-area-inner\"><img loading=\"lazy\" decoding=\"async\" width=\"780\" height=\"470\" src=\"https:\/\/ecomatin.net\/wp-content\/uploads\/2020\/05\/FB_IMG_1588952385314-780x470.jpg\" class=\"attachment-jannah-image-post size-jannah-image-post wp-post-image\" alt=\"LAVE MAINS\" data-attachment-id=\"15853\" data-permalink=\"https:\/\/ecomatin.net\/sabc-lance-un-programme-de-lavage-des-mains-dans-les-marches\/fb_img_1588952385314\/\" data-orig-file=\"https:\/\/ecomatin.net\/wp-content\/uploads\/2020\/05\/FB_IMG_1588952385314.jpg\" data-orig-size=\"1440,960\" data-comments-opened=\"0\" data-image-meta=\"{&quot;aperture&quot;:&quot;0&quot;,&quot;credit&quot;:&quot;&quot;,&quot;camera&quot;:&quot;&quot;,&quot;caption&quot;:&quot;&quot;,&quot;created_timestamp&quot;:&quot;0&quot;,&quot;copyright&quot;:&quot;&quot;,&quot;focal_length&quot;:&quot;0&quot;,&quot;iso&quot;:&quot;0&quot;,&quot;shutter_speed&quot;:&quot;0&quot;,&quot;title&quot;:&quot;&quot;,&quot;orientation&quot;:&quot;0&quot;}\" data-image-title=\"FB_IMG_1588952385314\" data-image-description=\"\" data-medium-file=\"https:\/\/ecomatin.net\/wp-content\/uploads\/2020\/05\/FB_IMG_1588952385314-300x200.jpg\" data-large-file=\"https:\/\/ecomatin.net\/wp-content\/uploads\/2020\/05\/FB_IMG_1588952385314-1024x683.jpg\"\/><\/div>\n<div class=\"entry-content entry clearfix\" readability=\"43.436373566357\">\n<p>Les march\u00e9s du pays seront d\u00e9sormais fournis en dispositif de lavage des mains aux effigies des brasseries du Cameroun. C\u2019est une action initi\u00e9e par le Groupe Sabc et dont le lancement officiel a eu lieu le 07 mai dernier au march\u00e9 PK 10 \u00e0 Douala. Pr\u00e9sent \u00e0 cette solennit\u00e9, le Directeur du Groupe Sabc Emmanuel DE Tailly, accompagn\u00e9 du maire de la ville de Douala Roger Mbassa Ndine.<\/p>\n<p class=\"has-background has-very-light-gray-background-color c2\"><strong><code>&gt;&gt;LIRE AUSSI-<\/code><\/strong> <a href=\"https:\/\/ecomatin.net\/le-groupe-sabc-poursuit-sa-campagne-de-solidarite-dans-la-region-du-nord\/\"><strong>Le groupe Sabc poursuit sa campagne de solidarit\u00e9 dans la r\u00e9gion du Nord<\/strong><\/a><\/p>\n<p>L\u2019action de la soci\u00e9t\u00e9 citoyenne vise \u00e0 \u00e9quiper les march\u00e9s dans les 10 r\u00e9gions, en stations de lavage de mains, pour permettre aux populations de s\u2019acquitter du geste barri\u00e8re. Rappelons que depuis le d\u00e9but de la pand\u00e9mie au Cameroun, le Groupe Sabc a multipli\u00e9 les actions de riposte contre la propagation du virus au Cameroun. Il s\u2019agit notamment de la fourniture d\u2019\u00e9quipements m\u00e9dicaux, des boissons, des denr\u00e9es alimentaires des aupr\u00e8s des formations sanitaires, des prisons et orphelinats entre autres.<\/p>\n<p>La SABC, est une filiale du groupe fran\u00e7ais Castel. Depuis 2017, l\u2019entreprise est le premier contributeur aux recettes douani\u00e8res au Cameroun. Avec des investissements annuels de 35 milliards de FCFA, elle g\u00e9n\u00e8re 15 000 emplois directs et 35 000 emplois indirects dans le pays.<\/p>\n<p class=\"has-background has-very-light-gray-background-color c2\"><strong><code>&gt;&gt;LIRE AUSSI-<\/code><a href=\"https:\/\/ecomatin.net\/coronavirus-la-sabc-apporte-son-soutien-aux-hopitaux-du-cameroun\/\">Coronavirus : la SABC apporte son soutien aux h\u00f4pitaux du Cameroun<\/a><\/strong><\/p>\n<div class=\"awac-wrapper awac widget posts-list-widget-13\">\n<h4 class=\"widget-title\">Recent Posts<\/h4>\n<\/div>\n<\/div>\n<\/div>\n<div readability=\"31.5\">\n<div class=\"container-wrapper subscribe-widget widget-inner-wrap subscribe-widget-content\" id=\"post-newsletter\" readability=\"33\">\n<h4>With Product You Purchase<\/h4>\n<h3>Subscribe to our mailing list to get the new updates!<\/h3>\n<p>Lorem ipsum dolor sit amet, consectetur.<\/p>\n<\/div>\n<\/div>\n<p>Auteur: EcoMatin<br \/>\n<a href=\"https:\/\/ecomatin.net\/sabc-lance-un-programme-de-lavage-des-mains-dans-les-marches\/\">Cliquez ici pour lire l&rsquo;article depuis sa source.<\/a><\/p>\n","protected":false},"excerpt":{"rendered":"<p>Les march\u00e9s du pays seront d\u00e9sormais fournis en dispositif de lavage des mains aux effigies des brasseries du Cameroun. C\u2019est une action initi\u00e9e par le Groupe Sabc et dont le lancement officiel a eu lieu le 07 mai dernier au march\u00e9 PK 10 \u00e0 Douala. Pr\u00e9sent \u00e0 cette solennit\u00e9, le Directeur du Groupe Sabc Emmanuel [&hellip;]<\/p>\n","protected":false},"author":1969,"featured_media":84822,"comment_status":"closed","ping_status":"closed","sticky":false,"template":"","format":"standard","meta":{"fifu_image_url":"","fifu_image_alt":"","footnotes":""},"categories":[82,78],"tags":[],"class_list":["post-84821","post","type-post","status-publish","format-standard","has-post-thumbnail","hentry","category-cameroun","category-economie"],"_links":{"self":[{"href":"https:\/\/linitiative.ca\/International\/wp-json\/wp\/v2\/posts\/84821","targetHints":{"allow":["GET"]}}],"collection":[{"href":"https:\/\/linitiative.ca\/International\/wp-json\/wp\/v2\/posts"}],"about":[{"href":"https:\/\/linitiative.ca\/International\/wp-json\/wp\/v2\/types\/post"}],"author":[{"embeddable":true,"href":"https:\/\/linitiative.ca\/International\/wp-json\/wp\/v2\/users\/1969"}],"replies":[{"embeddable":true,"href":"https:\/\/linitiative.ca\/International\/wp-json\/wp\/v2\/comments?post=84821"}],"version-history":[{"count":0,"href":"https:\/\/linitiative.ca\/International\/wp-json\/wp\/v2\/posts\/84821\/revisions"}],"wp:featuredmedia":[{"embeddable":true,"href":"https:\/\/linitiative.ca\/International\/wp-json\/"}],"wp:attachment":[{"href":"https:\/\/linitiative.ca\/International\/wp-json\/wp\/v2\/media?parent=84821"}],"wp:term":[{"taxonomy":"category","embeddable":true,"href":"https:\/\/linitiative.ca\/International\/wp-json\/wp\/v2\/categories?post=84821"},{"taxonomy":"post_tag","embeddable":true,"href":"https:\/\/linitiative.ca\/International\/wp-json\/wp\/v2\/tags?post=84821"}],"curies":[{"name":"wp","href":"https:\/\/api.w.org\/{rel}","templated":true}]}}