{"id":84825,"date":"2020-05-08T12:49:36","date_gmt":"2020-05-08T16:49:36","guid":{"rendered":"https:\/\/linitiative.ca\/International\/la-ville-de-douala-lance-6-unites-de-fabrication-de-masques\/"},"modified":"2020-05-08T12:49:36","modified_gmt":"2020-05-08T16:49:36","slug":"la-ville-de-douala-lance-6-unites-de-fabrication-de-masques","status":"publish","type":"post","link":"https:\/\/linitiative.ca\/International\/la-ville-de-douala-lance-6-unites-de-fabrication-de-masques\/","title":{"rendered":"La ville de Douala lance 6 unit\u00e9s de fabrication de masques"},"content":{"rendered":"<div id=\"the-post\">\n<div class=\"featured-area featured-area-inner\" readability=\"7\"><img loading=\"lazy\" decoding=\"async\" width=\"780\" height=\"470\" src=\"https:\/\/ecomatin.net\/wp-content\/uploads\/2020\/05\/IMG-20200508-WA0080-780x470.jpg\" class=\"attachment-jannah-image-post size-jannah-image-post wp-post-image\" alt=\"Salle de conseil de la mairie de douala 4e transform&#xE9; en atelier de couture\" data-attachment-id=\"15859\" data-permalink=\"https:\/\/ecomatin.net\/la-ville-de-douala-lance-6-unites-de-fabrication-de-masques\/img-20200508-wa0080\/\" data-orig-file=\"https:\/\/ecomatin.net\/wp-content\/uploads\/2020\/05\/IMG-20200508-WA0080.jpg\" data-orig-size=\"960,540\" data-comments-opened=\"0\" data-image-meta=\"{&quot;aperture&quot;:&quot;0&quot;,&quot;credit&quot;:&quot;&quot;,&quot;camera&quot;:&quot;&quot;,&quot;caption&quot;:&quot;&quot;,&quot;created_timestamp&quot;:&quot;0&quot;,&quot;copyright&quot;:&quot;&quot;,&quot;focal_length&quot;:&quot;0&quot;,&quot;iso&quot;:&quot;0&quot;,&quot;shutter_speed&quot;:&quot;0&quot;,&quot;title&quot;:&quot;&quot;,&quot;orientation&quot;:&quot;0&quot;}\" data-image-title=\"IMG-20200508-WA0080\" data-image-description=\"\" data-medium-file=\"https:\/\/ecomatin.net\/wp-content\/uploads\/2020\/05\/IMG-20200508-WA0080-300x169.jpg\" data-large-file=\"https:\/\/ecomatin.net\/wp-content\/uploads\/2020\/05\/IMG-20200508-WA0080.jpg\"\/> Salle de conseil de la mairie de douala 4e transform\u00e9 en atelier de couture<\/div>\n<div class=\"entry-content entry clearfix\" readability=\"55.42202970297\">\n<p>Comme annonc\u00e9 dans son plan strat\u00e9gique de riposte contre le covid-19, la Mairie de Douala est pass\u00e9e de la parole aux actes. La m\u00e8re des collectivit\u00e9s territoriales d\u00e9centralis\u00e9es du Wouri a proc\u00e9d\u00e9 au lancement des unit\u00e9s de conception et fabrication massive des masques faciaux de lutte contre le corona virus. Ce, en partenariat avec les 6 maires d\u2019arrondissement.<\/p>\n<p>Pour le lancement de cet important projet, c\u2019est la mairie d\u2019arrondissement de Douala 4\u00e8me qui a servi de rampe de lancement, sous la supervision de Roger Mbassa Ndine, le Maire de Douala. Le sous-projet \u00ab<em>Je lutte pour ma vie, je prot\u00e8ge ma ville<\/em>\u00bb a v\u00e9ritablement pris son envol \u00a0\u00e0 Douala 4\u00e8me sous la conduite du Maire de Douala 4\u00e8me, le Dr. Herv\u00e9 Moby.<\/p>\n<p class=\"has-background has-very-light-gray-background-color c2\"><strong><code>&gt;&gt;LIRE AUSSI-<\/code><a href=\"https:\/\/ecomatin.net\/covid-19-le-soutien-de-lunicef-a-la-ville-de-douala\/\">Covid-19 : le soutien de l\u2019Unicef \u00e0 la ville de Douala<\/a><\/strong><\/p>\n<p>La salle de conseil de cette municipalit\u00e9 a \u00e9t\u00e9 transform\u00e9e en vaste atelier de confection de caches-nez: \u00abce projet rentre en droite ligne avec la strat\u00e9gie de la ville nous voulons joindre les exigences sociale, \u00e9conomique et sanitaire dans notre d\u00e9marche \u00bb, a expliqu\u00e9 Roger Mbassa Ndine. Les municipalit\u00e9s fournissent les locaux, la ressource humaine et la logistique dans le cadre du projet.<\/p>\n<p>L\u2019atelier de Douala 4\u00e8me abrite 35 postes de machines \u00e0 coudre \u00e9lectrique. D\u2019apr\u00e8s Albert Ngosso, le chef de projet, l\u2019unit\u00e9 de Douala 4\u00e8me dispose d\u2019une capacit\u00e9 de production de 6000 masques quotidiennement. \u00ab<em>La strat\u00e9gie de la ville de Douala c\u2019est de mettre fin \u00e0 la propagation du virus au sein de la population. Douala est la capitale \u00e9conomique du Cameroun, si son tissu \u00e9conomique est fragilis\u00e9 c\u2019est le Cameroun tout entier \u00a0qui sera fragilis\u00e9<\/em> \u00bb, a indiqu\u00e9 le Maire de Douala. A part Douala 4<sup>e<\/sup>, les 5 autres arrondissements de la capitale \u00e9conomique abritent \u00e9galement des unit\u00e9s de fabrication de ces masques.<\/p>\n<p class=\"has-background has-very-light-gray-background-color c2\"><strong><code>&gt;&gt;LIRE AUSSI-<\/code><\/strong> <strong><a href=\"https:\/\/ecomatin.net\/mairie-de-douala-les-ex-delegues-du-personnel-reintegres\/\">Mairie de Douala : les ex-d\u00e9l\u00e9gu\u00e9s du personnel r\u00e9int\u00e9gr\u00e9s<\/a><\/strong><\/p>\n<div class=\"awac-wrapper awac widget posts-list-widget-13\">\n<h4 class=\"widget-title\">Recent Posts<\/h4>\n<\/div>\n<\/div>\n<\/div>\n<div readability=\"31.5\">\n<div class=\"container-wrapper subscribe-widget widget-inner-wrap subscribe-widget-content\" id=\"post-newsletter\" readability=\"33\">\n<h4>With Product You Purchase<\/h4>\n<h3>Subscribe to our mailing list to get the new updates!<\/h3>\n<p>Lorem ipsum dolor sit amet, consectetur.<\/p>\n<\/div>\n<\/div>\n<p>Auteur: EcoMatin<br \/>\n<a href=\"https:\/\/ecomatin.net\/la-ville-de-douala-lance-6-unites-de-fabrication-de-masques\/\">Cliquez ici pour lire l&rsquo;article depuis sa source.<\/a><\/p>\n","protected":false},"excerpt":{"rendered":"<p>Salle de conseil de la mairie de douala 4e transform\u00e9 en atelier de couture Comme annonc\u00e9 dans son plan strat\u00e9gique de riposte contre le covid-19, la Mairie de Douala est pass\u00e9e de la parole aux actes. La m\u00e8re des collectivit\u00e9s territoriales d\u00e9centralis\u00e9es du Wouri a proc\u00e9d\u00e9 au lancement des unit\u00e9s de conception et fabrication massive [&hellip;]<\/p>\n","protected":false},"author":1969,"featured_media":84826,"comment_status":"closed","ping_status":"closed","sticky":false,"template":"","format":"standard","meta":{"fifu_image_url":"","fifu_image_alt":"","footnotes":""},"categories":[82,78],"tags":[],"class_list":["post-84825","post","type-post","status-publish","format-standard","has-post-thumbnail","hentry","category-cameroun","category-economie"],"_links":{"self":[{"href":"https:\/\/linitiative.ca\/International\/wp-json\/wp\/v2\/posts\/84825","targetHints":{"allow":["GET"]}}],"collection":[{"href":"https:\/\/linitiative.ca\/International\/wp-json\/wp\/v2\/posts"}],"about":[{"href":"https:\/\/linitiative.ca\/International\/wp-json\/wp\/v2\/types\/post"}],"author":[{"embeddable":true,"href":"https:\/\/linitiative.ca\/International\/wp-json\/wp\/v2\/users\/1969"}],"replies":[{"embeddable":true,"href":"https:\/\/linitiative.ca\/International\/wp-json\/wp\/v2\/comments?post=84825"}],"version-history":[{"count":0,"href":"https:\/\/linitiative.ca\/International\/wp-json\/wp\/v2\/posts\/84825\/revisions"}],"wp:featuredmedia":[{"embeddable":true,"href":"https:\/\/linitiative.ca\/International\/wp-json\/"}],"wp:attachment":[{"href":"https:\/\/linitiative.ca\/International\/wp-json\/wp\/v2\/media?parent=84825"}],"wp:term":[{"taxonomy":"category","embeddable":true,"href":"https:\/\/linitiative.ca\/International\/wp-json\/wp\/v2\/categories?post=84825"},{"taxonomy":"post_tag","embeddable":true,"href":"https:\/\/linitiative.ca\/International\/wp-json\/wp\/v2\/tags?post=84825"}],"curies":[{"name":"wp","href":"https:\/\/api.w.org\/{rel}","templated":true}]}}