{"id":84827,"date":"2020-05-09T06:30:11","date_gmt":"2020-05-09T10:30:11","guid":{"rendered":"https:\/\/linitiative.ca\/International\/aquaculture-landa-mise-sur-la-formation\/"},"modified":"2020-05-09T06:30:11","modified_gmt":"2020-05-09T10:30:11","slug":"aquaculture-landa-mise-sur-la-formation","status":"publish","type":"post","link":"https:\/\/linitiative.ca\/International\/aquaculture-landa-mise-sur-la-formation\/","title":{"rendered":"Aquaculture : L\u2019ANDA mise sur la formation"},"content":{"rendered":"<p><img decoding=\"async\" class=\"post_layout_5_img\" src=\"https:\/\/aujourdhui.ma\/wp-content\/uploads\/2020\/05\/Aquaculture.jpg\" alt=\"Aquaculture : L&#x2019;ANDA mise sur la formation\"\/><\/p>\n<p><span class=\"c8\"><strong><span class=\"c7\">Un projet d\u2019un montant de 2,5 millions de dollars<\/span><\/strong><\/span><span id=\"more-344423\"\/><\/p>\n<p><span class=\"c9\">Ce projet aspire \u00e0 initier les jeunes entrepreneurs aux m\u00e9tiers de l\u2019aquaculture en leur apportant sur le plan pratique et th\u00e9orique un savoir-faire en mati\u00e8re d\u2019exploitation et de gestion d\u2019une ferme aquacole.<\/span><\/p>\n<p>L\u2019Agence nationale pour le d\u00e9veloppement de l\u2019aquaculture (ANDA) dotera la ville de Sidi Ifni d\u2019une station de d\u00e9monstration\/formation pour la production de poissons et la conchyliculture \u00e0 travers un partenariat public-priv\u00e9.<br \/>Cette station servira de base pratique pour la formation de formateurs, ouvriers sp\u00e9cialis\u00e9s et ouvriers qualifi\u00e9s dans tous les m\u00e9tiers de l\u2019aquaculture et sera conjugu\u00e9e \u00e0 des formations th\u00e9oriques dans le Centre de qualification professionnelle maritime (CQPM) de Sidi Ifni.<\/p>\n<p>Le projet pr\u00e9voit \u00e9galement le d\u00e9veloppement de modules de formation pour les techniciens sp\u00e9cialis\u00e9s, le d\u00e9veloppement de l\u2019expertise marocaine dans le domaine de l\u2019aquaculture \u00e0 travers la mise en r\u00e9seaux des acteurs priv\u00e9s marocains avec leurs homologues internationaux et la mise en relation entre les institutions de formation\/recherche marocaines avec d\u2019autres \u00e0 l\u2019\u00e9tranger. S\u2019inscrivant \u00e9galement dans une perspective de soutien au d\u00e9veloppement du secteur aquacole en hautes eaux et de promotion de l\u2019emploi, notamment des jeunes et ainsi de frein \u00e0 la migration, le projet s\u2019appuiera sur l\u2019expertise reconnue des partenaires pour atteindre ces r\u00e9sultats.<\/p>\n<p>Ledit projet aspire \u00e0 initier les jeunes entrepreneurs aux m\u00e9tiers de l\u2019aquaculture en leur apportant sur le plan pratique et th\u00e9orique un savoir-faire en mati\u00e8re d\u2019exploitation et de gestion d\u2019une ferme aquacole avec des enseignements de base en gestion financi\u00e8re et comptable.<br \/>N\u00e9 d\u2019un partenariat entre le d\u00e9partement de la p\u00eache maritime du MAPMDREF, l\u2019ANDA, la FAO et les ambassades de Norv\u00e8ge et des Pays-Bas au Maroc, ce projet d\u2019un montant de 2,5 millions de dollars vise \u00e0 r\u00e9pondre \u00e0 une demande croissante d\u2019assistance technique de la part des op\u00e9rateurs aquacoles et \u00e0 d\u00e9velopper une main-d\u2019\u0153uvre qualifi\u00e9e pour la conduite des \u00e9levages pr\u00e9vus au large de l\u2019Atlantique et de la M\u00e9diterran\u00e9e.<\/p>\n<p>Il va sans dire que la province de Sidi Ifni dispose d\u2019\u00e9normes potentialit\u00e9s aquacoles dont la valorisation constituera un levier pour le d\u00e9veloppement de son \u00e9conomie. D\u2019ailleurs deux appels \u00e0 manifestation d\u2019int\u00e9r\u00eat pour le plan aquacole r\u00e9gional ont \u00e9t\u00e9 lanc\u00e9s dans la r\u00e9gion. Celle-ci verra la cr\u00e9ation de 72 unit\u00e9s de production \u00e9tal\u00e9es sur une superficie de 1.320 ha pour la r\u00e9alisation de projets de pisciculture et de conchyliculture.<\/p>\n<p>Pour rappel, le projet s\u2019inscrit dans la continuit\u00e9 des efforts mis en \u0153uvre par le Maroc dans les secteurs de la p\u00eache et de l\u2019aquaculture et s\u2019attache en coh\u00e9rence \u00e0 la strat\u00e9gie Halieutis adopt\u00e9e par le Royaume en 2009 pour le d\u00e9veloppement de la p\u00eache et de l\u2019aquaculture et, qui sous-tend la r\u00e9alisation de l\u2019Objectif de d\u00e9veloppement durable (ODD) N2 pour l\u2019\u00e9limination de la faim et l\u2019am\u00e9lioration de la s\u00e9curit\u00e9 alimentaire et de la nutrition et de l\u2019ODD N 14 pour l\u2019utilisation durable des \u00e9cosyst\u00e8mes marins. La contribution financi\u00e8re de la Norv\u00e8ge s\u2019\u00e9l\u00e8ve \u00e0 1,65 million et celle des Pays-Bas s\u2019\u00e9l\u00e8ve \u00e0 0,85 million de dollars USD.<\/p>\n<p>Auteur: Mohamed Laabid<br \/>\n<a href=\"https:\/\/aujourdhui.ma\/economie\/aquaculture-landa-mise-sur-la-formation\">Cliquez ici pour lire l&rsquo;article depuis sa source.<\/a><\/p>\n","protected":false},"excerpt":{"rendered":"<p>Un projet d\u2019un montant de 2,5 millions de dollars Ce projet aspire \u00e0 initier les jeunes entrepreneurs aux m\u00e9tiers de l\u2019aquaculture en leur apportant sur le plan pratique et th\u00e9orique un savoir-faire en mati\u00e8re d\u2019exploitation et de gestion d\u2019une ferme aquacole. L\u2019Agence nationale pour le d\u00e9veloppement de l\u2019aquaculture (ANDA) dotera la ville de Sidi Ifni [&hellip;]<\/p>\n","protected":false},"author":1759,"featured_media":84828,"comment_status":"closed","ping_status":"closed","sticky":false,"template":"","format":"standard","meta":{"fifu_image_url":"","fifu_image_alt":"","footnotes":""},"categories":[73,54],"tags":[],"class_list":["post-84827","post","type-post","status-publish","format-standard","has-post-thumbnail","hentry","category-actualite","category-maroc"],"_links":{"self":[{"href":"https:\/\/linitiative.ca\/International\/wp-json\/wp\/v2\/posts\/84827","targetHints":{"allow":["GET"]}}],"collection":[{"href":"https:\/\/linitiative.ca\/International\/wp-json\/wp\/v2\/posts"}],"about":[{"href":"https:\/\/linitiative.ca\/International\/wp-json\/wp\/v2\/types\/post"}],"author":[{"embeddable":true,"href":"https:\/\/linitiative.ca\/International\/wp-json\/wp\/v2\/users\/1759"}],"replies":[{"embeddable":true,"href":"https:\/\/linitiative.ca\/International\/wp-json\/wp\/v2\/comments?post=84827"}],"version-history":[{"count":0,"href":"https:\/\/linitiative.ca\/International\/wp-json\/wp\/v2\/posts\/84827\/revisions"}],"wp:featuredmedia":[{"embeddable":true,"href":"https:\/\/linitiative.ca\/International\/wp-json\/"}],"wp:attachment":[{"href":"https:\/\/linitiative.ca\/International\/wp-json\/wp\/v2\/media?parent=84827"}],"wp:term":[{"taxonomy":"category","embeddable":true,"href":"https:\/\/linitiative.ca\/International\/wp-json\/wp\/v2\/categories?post=84827"},{"taxonomy":"post_tag","embeddable":true,"href":"https:\/\/linitiative.ca\/International\/wp-json\/wp\/v2\/tags?post=84827"}],"curies":[{"name":"wp","href":"https:\/\/api.w.org\/{rel}","templated":true}]}}