{"id":84833,"date":"2020-05-09T09:01:51","date_gmt":"2020-05-09T13:01:51","guid":{"rendered":"https:\/\/linitiative.ca\/International\/registre-social-unique-plus-que-jamais-une-necessite\/"},"modified":"2020-05-09T09:01:51","modified_gmt":"2020-05-09T13:01:51","slug":"registre-social-unique-plus-que-jamais-une-necessite","status":"publish","type":"post","link":"https:\/\/linitiative.ca\/International\/registre-social-unique-plus-que-jamais-une-necessite\/","title":{"rendered":"Registre social unique : Plus que jamais  une n\u00e9cessit\u00e9"},"content":{"rendered":"<p><img decoding=\"async\" class=\"post_layout_5_img\" src=\"https:\/\/aujourdhui.ma\/wp-content\/uploads\/2020\/05\/assurance-maladie.jpg\" alt=\"Registre social unique : Plus que jamais une n&#xE9;cessit&#xE9;\"\/><\/p>\n<p><span class=\"c8\"><strong><span class=\"c7\">Pour un meilleur ciblage des programmes de protection sociale dans le Maroc post-Covid<\/span><\/strong><\/span><br \/><span id=\"more-344446\"\/><\/p>\n<div class=\"base-box mom_box_sc_ mom_box_sc clear c9\" readability=\"11\">\n<p><span class=\"c8\"><strong>La r\u00e9ponse solidaire dans l\u2019urgence, bien que salutaire et bienvenue, ne saurait se substituer \u00e0 un syst\u00e8me durable de protection sociale. Cet \u00e9lan conjoncturel gagnerait en effet \u00e0 \u00eatre p\u00e9rennis\u00e9 dans le temps.<\/strong><\/span><\/p>\n<\/div>\n<p>Fondement essentiel du contrat social et des principes de solidarit\u00e9 d\u00e9fendus par le Rassemblement national des ind\u00e9pendants (RNI), la protection sociale est intimement li\u00e9e \u00e0 la vie quotidienne d\u2019une grande partie des Marocains. Ce sujet a suscit\u00e9 l\u2019int\u00e9r\u00eat des 1.400 participants \u00e0 la plateforme <strong><span class=\"c11\"><a class=\"c10\" href=\"https:\/\/maba3d-corona.com\/\" target=\"_blank\" rel=\"noopener noreferrer\">Maba3d-corona<\/a><\/span><\/strong>, surtout qu\u2019il s\u2019agit d\u2019une composante importante des politiques publiques dont la vocation est de mat\u00e9rialiser l\u2019effectivit\u00e9 d\u2019un droit humain fondamental et contribuer ainsi \u00e0 la coh\u00e9sion sociale et au d\u00e9veloppement \u00e9conomique du pays. La conjoncture actuelle marqu\u00e9e par la d\u00e9claration de l\u2019\u00e9tat d\u2019urgence et le confinement g\u00e9n\u00e9ral de la population s\u2019est traduite par une baisse consid\u00e9rable voire une interruption de revenus pour de nombreuses familles. En l\u2019absence de couverture sociale, c\u2019est toute une frange de la population qui plonge dans la pr\u00e9carit\u00e9. Cette question s\u2019est donc impos\u00e9e d\u2019office dans le d\u00e9bat fructueux lanc\u00e9 sur cette plateforme riche des recommandations \u00e9labor\u00e9es par des participants issus de diff\u00e9rents horizons.<\/p>\n<p><span class=\"c8\"><strong>Vers une g\u00e9n\u00e9ralisation de la couverture sociale<\/strong><\/span><\/p>\n<p>Selon un contributeur, il faut tirer les le\u00e7ons de cette crise pour construire un nouveau mod\u00e8le social o\u00f9 l\u2019ensemble des secteurs sont structur\u00e9s et o\u00f9 tous les travailleurs b\u00e9n\u00e9ficient d\u2019une couverture sociale qui prot\u00e8ge leurs droits et leur garantit une vie d\u00e9cente. Selon ce dernier, \u00abil faut \u00e9largir la couverture sociale des employ\u00e9s en renfor\u00e7ant le syst\u00e8me d\u2019inspection et de contr\u00f4le. L\u2019ensemble des travailleurs devraient en effet \u00eatre enregistr\u00e9s aupr\u00e8s de la Caisse nationale de s\u00e9curit\u00e9 sociale quel que soit le secteur, la profession ou la nature du contrat\u00bb.<br \/>Alors qu\u2019une contributrice appelle \u00e0 ce que les petites et toutes petites entreprises, ayant des activit\u00e9s saisonni\u00e8res, soient encourag\u00e9es \u00e0 enregistrer leurs employ\u00e9s. \u00abLes travailleurs journaliers doivent avoir des cartes professionnelles et \u00eatre enregistr\u00e9s aupr\u00e8s de la CNSS\u00bb, pr\u00e9conise-t-elle.<br \/>Selon les participants \u00e0 cette plateforme, le nouveau mod\u00e8le devrait ainsi inclure les travailleurs du secteur informel, ceux du monde rural, les artisans, les auto-entrepreneurs qui ne b\u00e9n\u00e9ficient aujourd\u2019hui d\u2019aucune protection sociale.<\/p>\n<p><span class=\"c8\"><strong>Pour une protection sociale durable<\/strong><\/span><\/p>\n<p>D\u2019apr\u00e8s les contributeurs, la r\u00e9ponse solidaire dans l\u2019urgence, bien que salutaire et bienvenue, ne saurait se substituer \u00e0 un syst\u00e8me durable de protection sociale. Cet \u00e9lan conjoncturel gagnerait en effet \u00e0 \u00eatre p\u00e9rennis\u00e9 dans le temps.<br \/>De nombreuses contributions abondent dans ce sens et affirment que le nouveau syst\u00e8me social devrait soutenir les personnes qui ont perdu leur emploi mais \u00e9galement les personnes \u00e0 faible revenu en leur fournissant une aide financi\u00e8re minimale. Ce syst\u00e8me social solidaire garantirait un produit de base commun \u00e0 l\u2019ensemble des assur\u00e9s, une aide qui serait conditionn\u00e9e par l\u2019inscription dans les registres de la CNSS.<\/p>\n<p><span class=\"c8\"><strong>Maintenir le fonds de soutien<\/strong><\/span><\/p>\n<p>Selon les avis des contributeurs, les institutions publiques, les entreprises priv\u00e9es, les fonctionnaires, les citoyens ont tous su se montrer solidaires face \u00e0 la crise en participant g\u00e9n\u00e9reusement au Fonds de lutte contre les effets du Covid-19. Cependant il faut maintenir ce fonds de solidarit\u00e9 et en confier la gestion \u00e0 une fondation \u00e9tatique ind\u00e9pendante. Pour eux, l\u2019Etat devrait renforcer davantage le r\u00f4le de cette fondation, en la dotant d\u2019un compte ouvert aux contributions des citoyens, dans l\u2019objectif de renforcer les moyens de protection sociale.<br \/>\u00abL\u2019id\u00e9e serait de poursuivre l\u2019octroi d\u2019aides financi\u00e8res aux m\u00e9nages les plus d\u00e9munis\u00bb, sugg\u00e8re un contributeur. Ces aides financi\u00e8res seraient combin\u00e9es \u00e0 des actions de renforcement et de d\u00e9veloppement pour permettre aux b\u00e9n\u00e9ficiaires de devenir ind\u00e9pendants.<br \/>Selon plusieurs contributeurs, \u00abl\u2019engouement pour la participation au Fonds sp\u00e9cial pour la gestion de la crise du Covid-19 a montr\u00e9 que l\u2019entraide pourrait constituer un levier important pour la r\u00e9alisation des objectifs de la soci\u00e9t\u00e9. Il faut cr\u00e9er une taxe sur les salaires des fonctionnaires et les travailleurs du secteur priv\u00e9 ou l\u2019inclure sur les factures d\u2019\u00e9lectricit\u00e9 (\u2026) Les Marocains participeront massivement lorsqu\u2019ils verront que leurs dons sont utilis\u00e9s pour soutenir les plus d\u00e9munis\u00bb.<\/p>\n<p><span class=\"c8\"><strong>Structurer le secteur informel<\/strong><\/span><\/p>\n<p>Selon un participant, \u00abcette crise a d\u00e9montr\u00e9 l\u2019imp\u00e9rieuse n\u00e9cessit\u00e9 de restructurer le secteur informel pour assurer une contribution juste et \u00e9quitable \u00e0 l\u2019effort fiscal. L\u2019organisation des aides de subsistance quant \u00e0 elle est le pr\u00e9lude d\u2019une politique de redistribution cibl\u00e9e\u00bb.<br \/>Un chauffeur de taxi, par exemple, travaille plus de 12 h\/j 6 \u00e0 7 jours par semaine, sans b\u00e9n\u00e9ficier d\u2019aucune s\u00e9curit\u00e9 sociale, de couverture maladie, de compensation familiale, de retraite ou de compensation pour perte d\u2019emploi. Le recensement des travailleurs du secteur informel qui a \u00e9t\u00e9 fait pour accorder les aides du fonds de lutte contre les effets du Covid-19 offre l\u2019occasion de r\u00e9fl\u00e9chir aux possibilit\u00e9s de leur int\u00e9gration dans le secteur formel.<\/p>\n<p><span class=\"c8\"><strong>De l\u2019importance du Registre social unique<\/strong><\/span><\/p>\n<p>Pour l\u2019ensemble des contributeurs, le Maroc a pu mettre en place, dans l\u2019urgence, un syst\u00e8me d\u2019octroi d\u2019aides directes aux m\u00e9nages travaillant dans le secteur informel et qui ont \u00e9t\u00e9 les plus touch\u00e9s par la perte de leurs revenus. Ce travail devra alimenter le tant esp\u00e9r\u00e9 Registre social unique (RSU) et permettre enfin la mise en place d\u2019une strat\u00e9gie d\u2019entraide nationale claire avec une politique de ciblage bien \u00e9tudi\u00e9e, \u00e0 m\u00eame de soutenir les plus d\u00e9munis et de r\u00e9duire les in\u00e9galit\u00e9s. Un contributeur en appelle \u00e0 l\u2019acc\u00e9l\u00e9ration de la mise en place effective de ce RSU et \u00e0 la bancarisation de tous les citoyens pour faciliter leur recours \u00e0 l\u2019aide publique directe.<br \/>Ce projet est prioritaire, selon un autre contributeur, car il faut en acc\u00e9l\u00e9rer la mise en \u0153uvre afin d\u2019identifier la situation sociale de chaque citoyen et impl\u00e9menter la strat\u00e9gie d\u2019aide sociale.<\/p>\n<p>Auteur: Mohamed Laabid<br \/>\n<a href=\"https:\/\/aujourdhui.ma\/politique\/registre-social-unique-plus-que-jamais-une-necessite\">Cliquez ici pour lire l&rsquo;article depuis sa source.<\/a><\/p>\n","protected":false},"excerpt":{"rendered":"<p>Pour un meilleur ciblage des programmes de protection sociale dans le Maroc post-Covid La r\u00e9ponse solidaire dans l\u2019urgence, bien que salutaire et bienvenue, ne saurait se substituer \u00e0 un syst\u00e8me durable de protection sociale. Cet \u00e9lan conjoncturel gagnerait en effet \u00e0 \u00eatre p\u00e9rennis\u00e9 dans le temps. Fondement essentiel du contrat social et des principes de [&hellip;]<\/p>\n","protected":false},"author":1759,"featured_media":84834,"comment_status":"closed","ping_status":"closed","sticky":false,"template":"","format":"standard","meta":{"fifu_image_url":"","fifu_image_alt":"","footnotes":""},"categories":[73,54],"tags":[],"class_list":["post-84833","post","type-post","status-publish","format-standard","has-post-thumbnail","hentry","category-actualite","category-maroc"],"_links":{"self":[{"href":"https:\/\/linitiative.ca\/International\/wp-json\/wp\/v2\/posts\/84833","targetHints":{"allow":["GET"]}}],"collection":[{"href":"https:\/\/linitiative.ca\/International\/wp-json\/wp\/v2\/posts"}],"about":[{"href":"https:\/\/linitiative.ca\/International\/wp-json\/wp\/v2\/types\/post"}],"author":[{"embeddable":true,"href":"https:\/\/linitiative.ca\/International\/wp-json\/wp\/v2\/users\/1759"}],"replies":[{"embeddable":true,"href":"https:\/\/linitiative.ca\/International\/wp-json\/wp\/v2\/comments?post=84833"}],"version-history":[{"count":0,"href":"https:\/\/linitiative.ca\/International\/wp-json\/wp\/v2\/posts\/84833\/revisions"}],"wp:featuredmedia":[{"embeddable":true,"href":"https:\/\/linitiative.ca\/International\/wp-json\/"}],"wp:attachment":[{"href":"https:\/\/linitiative.ca\/International\/wp-json\/wp\/v2\/media?parent=84833"}],"wp:term":[{"taxonomy":"category","embeddable":true,"href":"https:\/\/linitiative.ca\/International\/wp-json\/wp\/v2\/categories?post=84833"},{"taxonomy":"post_tag","embeddable":true,"href":"https:\/\/linitiative.ca\/International\/wp-json\/wp\/v2\/tags?post=84833"}],"curies":[{"name":"wp","href":"https:\/\/api.w.org\/{rel}","templated":true}]}}