{"id":84837,"date":"2020-05-08T16:20:13","date_gmt":"2020-05-08T20:20:13","guid":{"rendered":"https:\/\/linitiative.ca\/International\/entreprenariat-feminin-lafem-se-mobilise-face-au-covid-19\/"},"modified":"2020-05-08T16:20:13","modified_gmt":"2020-05-08T20:20:13","slug":"entreprenariat-feminin-lafem-se-mobilise-face-au-covid-19","status":"publish","type":"post","link":"https:\/\/linitiative.ca\/International\/entreprenariat-feminin-lafem-se-mobilise-face-au-covid-19\/","title":{"rendered":"Entreprenariat f\u00e9minin: l\u2019Afem se mobilise face au Covid-19"},"content":{"rendered":"<p class=\"has-text-color has-vivid-cyan-blue-color\"><strong>L\u2019Association des Femmes Chefs d\u2019Entreprises du Maroc a d\u00e9cid\u00e9 de pr\u00eater main forte \u00e0 la lutte contre le coronavirus. Afin de canaliser ses efforts dans ce sens, elle a cr\u00e9\u00e9 un site destin\u00e9 \u00e0 ses membres.<\/strong><\/p>\n<p>L\u2019Afem\u00a0(Association des Femmes Chefs d\u2019Entreprises du Maroc) a con\u00e7u et mis en ligne un site qu\u2019elle baptis\u00e9 \u00abEnsemble face au Covid\u00bb. \u00c0 travers cette contribution, d\u2019apporter une assistance aux femmes chefs d\u2019entreprises, de les accompagner, les informer et les soutenir sur toutes actions susceptibles de les guider pour un management efficace face \u00e0 cette pand\u00e9mie.<\/p>\n<p>Outre les nombreux liens et informations utiles sur le site qui leur sont communiqu\u00e9s pour une meilleure approche en cette p\u00e9riode de crise et de confinement comme \u00e0 la pr\u00e9paration de l\u2019apr\u00e8s confinement et le red\u00e9ploiement des activit\u00e9s\u00a0; une rubrique\u00a0Forum\u00a0leur est d\u00e9di\u00e9e afin de leur permettre d\u2019\u00e9changer, de communiquer et de se soutenir sur des actions communes des best practices, voire des mutualisations d\u2019actions.<\/p>\n<p>Le site informe les femmes chefs d\u2019entreprises sur les outils de base pour mieux manager en cette p\u00e9riode de crise, en l\u2019occurrence la pr\u00e9vention des risques, les mesures de soutiens aux entreprises, les mesures de soutien aux salari\u00e9s ainsi que des informations sur des plateformes de formations en ligne, e-learning, comme des plateformes d\u2019ouvrages en ligne (e-commerce, marketing, digital).<\/p>\n<p>\u00a0\u00abCe site est destin\u00e9 \u00e0 nos membres mais reste ouvert \u00e0 tout chef d\u2019entreprise, entrepreneur ou personne\u00a0 \u00a0\u00e0 la qu\u00eate d\u2019informations utiles \u00e0 la gestion de cette crise\u00bb, indique l\u2019Afem dans un communiqu\u00e9. Et d\u2019annoncer qu\u2019\u00ab\u00a0un appel \u00e0 solidarit\u00e9 \u00e0 nos incub\u00e9es a \u00e9t\u00e9 lanc\u00e9 via une rubrique sp\u00e9ciale solidarit\u00e9 covid-19, une vitrine de produits et de services offerts par nos membres donateurs mis en vente gracieusement et dont les recettes serviront \u00e0 aider les femmes porteuses de projets.<\/p>\n<p>Nos membres se retrouvent par ailleurs une fois par semaine pour Brain Stormer et trouver des solutions. Accompagn\u00e9es par des experts et des coachs, ces rencontres ou Talk Ramadan via des plateformes d\u2019\u00e9change,\u00a0webinar, sont n\u00e9cessaires pour garder le lien et se retrouver\u00bb.<\/p>\n<p>Le site \u00abensemble face au covid\u00bb a pour vocation \u00e9galement de recueillir des id\u00e9es et des suggestions des membres de l\u2019Afem qui seront port\u00e9es aux diff\u00e9rentes instances et ce, pour porter la voix de l\u2019association \u00a0en tant que force de propositions audibles.<\/p>\n<p>Auteur: M&rsquo;hammed rahal<br \/>\n<a href=\"http:\/\/albayane.press.ma\/entreprenariat-feminin-lafem-se-mobilise-face-au-covid-19.html\">Cliquez ici pour lire l&rsquo;article depuis sa source.<\/a><\/p>\n","protected":false},"excerpt":{"rendered":"<p>L\u2019Association des Femmes Chefs d\u2019Entreprises du Maroc a d\u00e9cid\u00e9 de pr\u00eater main forte \u00e0 la lutte contre le coronavirus. Afin de canaliser ses efforts dans ce sens, elle a cr\u00e9\u00e9 un site destin\u00e9 \u00e0 ses membres. L\u2019Afem\u00a0(Association des Femmes Chefs d\u2019Entreprises du Maroc) a con\u00e7u et mis en ligne un site qu\u2019elle baptis\u00e9 \u00abEnsemble face [&hellip;]<\/p>\n","protected":false},"author":1760,"featured_media":0,"comment_status":"closed","ping_status":"closed","sticky":false,"template":"","format":"standard","meta":{"fifu_image_url":"","fifu_image_alt":"","footnotes":""},"categories":[73,54],"tags":[],"class_list":["post-84837","post","type-post","status-publish","format-standard","hentry","category-actualite","category-maroc"],"_links":{"self":[{"href":"https:\/\/linitiative.ca\/International\/wp-json\/wp\/v2\/posts\/84837","targetHints":{"allow":["GET"]}}],"collection":[{"href":"https:\/\/linitiative.ca\/International\/wp-json\/wp\/v2\/posts"}],"about":[{"href":"https:\/\/linitiative.ca\/International\/wp-json\/wp\/v2\/types\/post"}],"author":[{"embeddable":true,"href":"https:\/\/linitiative.ca\/International\/wp-json\/wp\/v2\/users\/1760"}],"replies":[{"embeddable":true,"href":"https:\/\/linitiative.ca\/International\/wp-json\/wp\/v2\/comments?post=84837"}],"version-history":[{"count":0,"href":"https:\/\/linitiative.ca\/International\/wp-json\/wp\/v2\/posts\/84837\/revisions"}],"wp:attachment":[{"href":"https:\/\/linitiative.ca\/International\/wp-json\/wp\/v2\/media?parent=84837"}],"wp:term":[{"taxonomy":"category","embeddable":true,"href":"https:\/\/linitiative.ca\/International\/wp-json\/wp\/v2\/categories?post=84837"},{"taxonomy":"post_tag","embeddable":true,"href":"https:\/\/linitiative.ca\/International\/wp-json\/wp\/v2\/tags?post=84837"}],"curies":[{"name":"wp","href":"https:\/\/api.w.org\/{rel}","templated":true}]}}