{"id":84838,"date":"2020-05-08T16:29:47","date_gmt":"2020-05-08T20:29:47","guid":{"rendered":"https:\/\/linitiative.ca\/International\/france-les-portes-des-residences-pour-personnes-agees-resteront-fermees\/"},"modified":"2020-05-08T16:29:47","modified_gmt":"2020-05-08T20:29:47","slug":"france-les-portes-des-residences-pour-personnes-agees-resteront-fermees","status":"publish","type":"post","link":"https:\/\/linitiative.ca\/International\/france-les-portes-des-residences-pour-personnes-agees-resteront-fermees\/","title":{"rendered":"France: les portes des r\u00e9sidences pour personnes \u00e2g\u00e9es resteront ferm\u00e9es"},"content":{"rendered":"<p class=\"has-text-color has-vivid-red-color c2\"><strong>Les contrecoups de Covid-19<\/strong><\/p>\n<p class=\"has-text-color c3\"><strong>Ferm\u00e9es depuis mi-mars, les portes des r\u00e9sidences pour personnes \u00e2g\u00e9es vont rester closes: le gouvernement a exclu jeudi tout \u00abassouplissement suppl\u00e9mentaire\u00bb avant trois semaines, mais a promis une prime aux personnels de ce secteur, durement \u00e9prouv\u00e9 par deux mois de crise.<\/strong><\/p>\n<p>Nous ne pouvons pas pr\u00e9voir un assouplissement suppl\u00e9mentaire d\u00e8s le 11 mai. Nous devons continuer \u00e0 tout faire pour prot\u00e9ger<\/p>\n<p>les personnes \u00e2g\u00e9es vuln\u00e9rables\u00bb, a d\u00e9clar\u00e9 le ministre de la Sant\u00e9 Olivier V\u00e9ran lors de l\u2019annonce du plan de d\u00e9confinement.<\/p>\n<p>\u00abLes visites des proches pourront se poursuivre si la situation de l\u2019\u00e9tablissement le permet, dans les m\u00eames conditions qu\u2019aujourd\u2019hui\u00bb, a poursuivi M. V\u00e9ran.<\/p>\n<p>D\u2019abord interdits de visites ext\u00e9rieures pour emp\u00eacher la propagation du Covid-19, puis progressivement isol\u00e9s dans leur chambre \u00e0 mesure que le virus faisait des ravages, les r\u00e9sidents peuvent depuis le 20 avril recevoir des visites de proches, mais de fa\u00e7on tr\u00e8s encadr\u00e9e et limit\u00e9e.<\/p>\n<p>\u00abNous allons poursuivre de cette mani\u00e8re de fa\u00e7on certaine pendant au moins trois semaines\u00bb, a d\u00e9taill\u00e9 le Premier ministre.<\/p>\n<p>\u00abSera-t-il possible \u00e0 compter du mois de juin d\u2019all\u00e9ger encore ces r\u00e8gles ? Je ne peux pas vous le dire aujourd\u2019hui, nous verrons\u00bb, a ajout\u00e9 Edouard Philippe, en estimant que \u00abs\u2019agissant des personnes les plus vuln\u00e9rables, et donc les plus fragiles, il faut \u00eatre encore plus prudent que pour la population g\u00e9n\u00e9rale\u00bb. Depuis le d\u00e9but de l\u2019\u00e9pid\u00e9mie, qui a fait pr\u00e8s de 26.000 morts en France, un d\u00e9c\u00e8s sur deux concerne un r\u00e9sident d\u2019Ehpad. Selon les derni\u00e8res donn\u00e9es publi\u00e9es par Sant\u00e9 Publique France, 9.572 r\u00e9sidents sont morts dans leur \u00e9tablissement et 3.386 \u00e0 l\u2019h\u00f4pital.<\/p>\n<p>Face \u00e0 cette \u00absituation difficile\u00bb, le gouvernement a promis une aide de 475 millions d\u2019euros pour accompagner ces structures.<\/p>\n<p>Des \u00abcr\u00e9dits suppl\u00e9mentaires\u00bb pour financer notamment la prime demand\u00e9e par les acteurs du secteur, qui sera de 1.500 euros pour tous les personnels des Ehpad situ\u00e9s dans \u00ables 33 d\u00e9partements o\u00f9 l\u2019\u00e9pid\u00e9mie aura \u00e9t\u00e9 la plus forte\u00bb et de 1.000 euros pour tous les autres, a annonc\u00e9 M. V\u00e9ran.<\/p>\n<p>Cette prime \u00abd\u00e9fiscalis\u00e9e\u00bb sera vers\u00e9e \u00abdans les prochaines semaines\u00bb \u00e0 tous les personnels, \u00abquel que soit leur statut pour valoriser leur engagement sans faille pendant cette crise\u00bb, a-t-il pr\u00e9cis\u00e9. Les personnels des \u00e9tablissements accueillant des personnes handicap\u00e9es en seront \u00e9galement b\u00e9n\u00e9ficiaires.<\/p>\n<p>\u00abC\u2019est un signal fort adress\u00e9 \u00e0 toutes les femmes et tous les hommes de l\u2019ombre qui travaillent sans rel\u00e2che\u00bb, a r\u00e9agi aupr\u00e8s de l\u2019AFP la d\u00e9l\u00e9gu\u00e9e g\u00e9n\u00e9rale du Synerpa (Ehpad priv\u00e9s), Florence Arnaiz-Maum\u00e9. Elle a toutefois regrett\u00e9 que les employ\u00e9s des structures d\u2019aide et de soins \u00e0 domicile en soient exclus.<\/p>\n<p>\u00abUne nouvelle fois, l\u2019aide \u00e0 domicile est la grande oubli\u00e9e des d\u00e9cisions gouvernementales.<\/p>\n<p>Cet oubli de nos personnels, engag\u00e9s en premi\u00e8re ligne depuis le d\u00e9but de la crise, est incompr\u00e9hensible\u00bb, s\u2019est indign\u00e9 dans un communiqu\u00e9 Thierry d\u2019Aboville, secr\u00e9taire g\u00e9n\u00e9ral de l\u2019ADMR, premier r\u00e9seau associatif de services \u00e0 la personne en France.<\/p>\n<p>Sur le d\u00e9confinement des \u00e9tablissements, la repr\u00e9sentante du Synerpa a indiqu\u00e9 que des \u00abconsultations\u00bb \u00e9taient en cours entre le gouvernement et les acteurs du secteur pour pouvoir \u00abr\u00e9introduire progressivement dans les \u00e9tablissements les professionnels ext\u00e9rieurs indispensables\u00bb tels que les coiffeurs, kin\u00e9sith\u00e9rapeutes, psychologues, opticiens ou podologues.<\/p>\n<p>Mme Arnaiz-Maum\u00e9 a dit esp\u00e9rer \u00abdes annonces dans les prochaines semaines, une fois la phase cruciale du 11 mai pass\u00e9e\u00bb.<\/p>\n<p>Saluant des \u00abmesures encourageantes\u00bb, l\u2019Association des directeurs au service des personnes \u00e2g\u00e9es (AD-PA) a regrett\u00e9 que \u00ables assouplissements induits par le d\u00e9confinement\u00bb ne concernent pas \u00ables concitoyens vivant en \u00e9tablissement\u00bb.<\/p>\n<p>Elle a demand\u00e9 urgemment \u00abdes am\u00e9nagements du confinement en \u00e9tablissement\u00bb pour en terminer avec l\u2019isolement en chambre.<\/p>\n<p>Quelque 600.000 personnes \u00e2g\u00e9es en perte d\u2019autonomie vivent dans un des 7.000 Ehpad de France.<\/p>\n<p>Auteur: M&rsquo;hammed rahal<br \/>\n<a href=\"http:\/\/albayane.press.ma\/france-les-portes-des-residences-pour-personnes-agees-resteront-fermees.html\">Cliquez ici pour lire l&rsquo;article depuis sa source.<\/a><\/p>\n","protected":false},"excerpt":{"rendered":"<p>Les contrecoups de Covid-19 Ferm\u00e9es depuis mi-mars, les portes des r\u00e9sidences pour personnes \u00e2g\u00e9es vont rester closes: le gouvernement a exclu jeudi tout \u00abassouplissement suppl\u00e9mentaire\u00bb avant trois semaines, mais a promis une prime aux personnels de ce secteur, durement \u00e9prouv\u00e9 par deux mois de crise. Nous ne pouvons pas pr\u00e9voir un assouplissement suppl\u00e9mentaire d\u00e8s le [&hellip;]<\/p>\n","protected":false},"author":1760,"featured_media":0,"comment_status":"closed","ping_status":"closed","sticky":false,"template":"","format":"standard","meta":{"fifu_image_url":"","fifu_image_alt":"","footnotes":""},"categories":[73,54],"tags":[],"class_list":["post-84838","post","type-post","status-publish","format-standard","hentry","category-actualite","category-maroc"],"_links":{"self":[{"href":"https:\/\/linitiative.ca\/International\/wp-json\/wp\/v2\/posts\/84838","targetHints":{"allow":["GET"]}}],"collection":[{"href":"https:\/\/linitiative.ca\/International\/wp-json\/wp\/v2\/posts"}],"about":[{"href":"https:\/\/linitiative.ca\/International\/wp-json\/wp\/v2\/types\/post"}],"author":[{"embeddable":true,"href":"https:\/\/linitiative.ca\/International\/wp-json\/wp\/v2\/users\/1760"}],"replies":[{"embeddable":true,"href":"https:\/\/linitiative.ca\/International\/wp-json\/wp\/v2\/comments?post=84838"}],"version-history":[{"count":0,"href":"https:\/\/linitiative.ca\/International\/wp-json\/wp\/v2\/posts\/84838\/revisions"}],"wp:attachment":[{"href":"https:\/\/linitiative.ca\/International\/wp-json\/wp\/v2\/media?parent=84838"}],"wp:term":[{"taxonomy":"category","embeddable":true,"href":"https:\/\/linitiative.ca\/International\/wp-json\/wp\/v2\/categories?post=84838"},{"taxonomy":"post_tag","embeddable":true,"href":"https:\/\/linitiative.ca\/International\/wp-json\/wp\/v2\/tags?post=84838"}],"curies":[{"name":"wp","href":"https:\/\/api.w.org\/{rel}","templated":true}]}}