{"id":84839,"date":"2020-05-09T08:22:26","date_gmt":"2020-05-09T12:22:26","guid":{"rendered":"https:\/\/linitiative.ca\/International\/tunisie-libye-demarches-pour-faciliter-le-transport-des-marchandises\/"},"modified":"2020-05-09T08:22:26","modified_gmt":"2020-05-09T12:22:26","slug":"tunisie-libye-demarches-pour-faciliter-le-transport-des-marchandises","status":"publish","type":"post","link":"https:\/\/linitiative.ca\/International\/tunisie-libye-demarches-pour-faciliter-le-transport-des-marchandises\/","title":{"rendered":"Tunisie-Libye :  D\u00e9marches pour faciliter le transport des marchandises"},"content":{"rendered":"<p>Les transporteurs tunisiens de marchandises \u00e0 bord de semi-remorques ou de conteneurs sont d\u00e9sormais autoris\u00e9s \u00e0 d\u00e9charger leurs v\u00e9hicules aux postes frontaliers pour que leurs partenaires libyens se chargent de l\u2019acheminement des marchandises et de leur entr\u00e9e sur le territoire libyen, a annonc\u00e9 le minist\u00e8re du Transport et de la Logistique, vendredi.<\/p>\n<p>Cette mesure vise \u00e0 faciliter le transport des marchandises et les \u00e9changes commerciaux entre les deux pays et \u00e0 restreindre le d\u00e9placement des personnes pour pr\u00e9venir la propagation du coronavirus, a pr\u00e9cis\u00e9 le minist\u00e8re dans un communiqu\u00e9.<\/p>\n<p>Les postes frontaliers seront \u00e9galement des points de relais pour les exportateurs des deux pays. Ceux-ci peuvent transporter leurs marchandises jusqu\u2019\u00e0 ces postes entre les deux fronti\u00e8res pour que leurs vis-\u00e0-vis libyens (et vice-versa) se chargent de leur acheminement aux ports, a encore indiqu\u00e9 la m\u00eame source.<\/p>\n<div class=\"wp-post-author-wrap wp-post-author-shortcode left\">\n<h3 class=\"awpa-title\"\/>\n<div class=\"wp-post-author\">\n<div class=\"awpa-img awpa-author-block square\"><a href=\"http:\/\/lexpertjournal.net\/fr\/?author=5\"><img loading=\"lazy\" decoding=\"async\" alt=\"\" src=\"http:\/\/0.gravatar.com\/avatar\/97f8e10a1c1125ba104a76514ee07b16?s=150&amp;d=mm&amp;r=g\" srcset=\"http:\/\/0.gravatar.com\/avatar\/97f8e10a1c1125ba104a76514ee07b16?s=300&amp;d=mm&amp;r=g 2x\" class=\"avatar avatar-150 photo\" height=\"150\" width=\"150\"\/><\/a><\/div>\n<\/div>\n<\/div>\n<aside class=\"mashsb-container mashsb-main mashsb-stretched\">\n<\/aside>\n<p>Auteur: L&rsquo;expert<br \/>\n<a href=\"http:\/\/lexpertjournal.net\/fr\/?p=14626\">Cliquez ici pour lire l&rsquo;article depuis sa source.<\/a><\/p>\n","protected":false},"excerpt":{"rendered":"<p>Les transporteurs tunisiens de marchandises \u00e0 bord de semi-remorques ou de conteneurs sont d\u00e9sormais autoris\u00e9s \u00e0 d\u00e9charger leurs v\u00e9hicules aux postes frontaliers pour que leurs partenaires libyens se chargent de l\u2019acheminement des marchandises et de leur entr\u00e9e sur le territoire libyen, a annonc\u00e9 le minist\u00e8re du Transport et de la Logistique, vendredi. Cette mesure vise [&hellip;]<\/p>\n","protected":false},"author":1775,"featured_media":0,"comment_status":"closed","ping_status":"closed","sticky":false,"template":"","format":"standard","meta":{"fifu_image_url":"","fifu_image_alt":"","footnotes":""},"categories":[78,55],"tags":[],"class_list":["post-84839","post","type-post","status-publish","format-standard","hentry","category-economie","category-tunisie"],"_links":{"self":[{"href":"https:\/\/linitiative.ca\/International\/wp-json\/wp\/v2\/posts\/84839","targetHints":{"allow":["GET"]}}],"collection":[{"href":"https:\/\/linitiative.ca\/International\/wp-json\/wp\/v2\/posts"}],"about":[{"href":"https:\/\/linitiative.ca\/International\/wp-json\/wp\/v2\/types\/post"}],"author":[{"embeddable":true,"href":"https:\/\/linitiative.ca\/International\/wp-json\/wp\/v2\/users\/1775"}],"replies":[{"embeddable":true,"href":"https:\/\/linitiative.ca\/International\/wp-json\/wp\/v2\/comments?post=84839"}],"version-history":[{"count":0,"href":"https:\/\/linitiative.ca\/International\/wp-json\/wp\/v2\/posts\/84839\/revisions"}],"wp:attachment":[{"href":"https:\/\/linitiative.ca\/International\/wp-json\/wp\/v2\/media?parent=84839"}],"wp:term":[{"taxonomy":"category","embeddable":true,"href":"https:\/\/linitiative.ca\/International\/wp-json\/wp\/v2\/categories?post=84839"},{"taxonomy":"post_tag","embeddable":true,"href":"https:\/\/linitiative.ca\/International\/wp-json\/wp\/v2\/tags?post=84839"}],"curies":[{"name":"wp","href":"https:\/\/api.w.org\/{rel}","templated":true}]}}