{"id":84840,"date":"2020-05-09T08:27:30","date_gmt":"2020-05-09T12:27:30","guid":{"rendered":"https:\/\/linitiative.ca\/International\/lutte-contre-le-terrorisme-demantelement-dune-cellule-takfiriste-active-sur-les-reseaux-sociaux\/"},"modified":"2020-05-09T08:27:30","modified_gmt":"2020-05-09T12:27:30","slug":"lutte-contre-le-terrorisme-demantelement-dune-cellule-takfiriste-active-sur-les-reseaux-sociaux","status":"publish","type":"post","link":"https:\/\/linitiative.ca\/International\/lutte-contre-le-terrorisme-demantelement-dune-cellule-takfiriste-active-sur-les-reseaux-sociaux\/","title":{"rendered":"Lutte contre le terrorisme : D\u00e9mant\u00e8lement d\u2019une cellule takfiriste active sur les r\u00e9seaux sociaux"},"content":{"rendered":"<p>La direction centrale de lutte contre le terrorisme a d\u00e9mantel\u00e9 une cellule terroriste \u00e0 Sfax , active sur les r\u00e9seaux sociaux Ses membres appelaient \u00e0 combattre le r\u00e9gime et \u00e0 utiliser la conjoncture actuelle marqu\u00e9e la lutte contre le coronavirus pour sortir dans la rue et y semer le trouble.<\/p>\n<p>Cette intervention s\u00e9curitaire a \u00e9t\u00e9 men\u00e9e en coordination avec l\u2019Unit\u00e9 nationale de recherche dans les crimes terroristes, du crime organis\u00e9 touchant \u00e0 l\u2019int\u00e9grit\u00e9 du territoire national et le parquet pr\u00e8s le pole judiciaire de lutte contre le terrorisme.<\/p>\n<p>Un \u00e9l\u00e9ment takfiriste r\u00e9sidant dans la r\u00e9gion de Kairouan a \u00e9t\u00e9 \u00e9galement interpell\u00e9. L\u2019individu en question aurait, selon, un communiqu\u00e9 du minist\u00e8re de l\u2019Int\u00e9rieur, fait all\u00e9geance \u00e0 l\u2019organisation terroriste Daech et fabriqu\u00e9 des engins explosifs qu\u2019il comptait utiliser dans des attaques terroristes sur le territoire.<\/p>\n<p>Un autre takfiriste non connu des services de la police a \u00e9t\u00e9 appr\u00e9hend\u00e9 \u00e0 la Manouba. Il a \u00e9t\u00e9 suspect\u00e9 par la police en raison de sa consultation r\u00e9guli\u00e8re de sites appartenant a des organisations terroristes.<\/p>\n<div class=\"wp-post-author-wrap wp-post-author-shortcode left\">\n<h3 class=\"awpa-title\"\/>\n<div class=\"wp-post-author\">\n<div class=\"awpa-img awpa-author-block square\"><a href=\"http:\/\/lexpertjournal.net\/fr\/?author=5\"><img loading=\"lazy\" decoding=\"async\" alt=\"\" src=\"http:\/\/0.gravatar.com\/avatar\/97f8e10a1c1125ba104a76514ee07b16?s=150&amp;d=mm&amp;r=g\" srcset=\"http:\/\/0.gravatar.com\/avatar\/97f8e10a1c1125ba104a76514ee07b16?s=300&amp;d=mm&amp;r=g 2x\" class=\"avatar avatar-150 photo\" height=\"150\" width=\"150\"\/><\/a><\/div>\n<\/div>\n<\/div>\n<aside class=\"mashsb-container mashsb-main mashsb-stretched\">\n<\/aside>\n<p>Auteur: L&rsquo;expert<br \/>\n<a href=\"http:\/\/lexpertjournal.net\/fr\/?p=14629\">Cliquez ici pour lire l&rsquo;article depuis sa source.<\/a><\/p>\n","protected":false},"excerpt":{"rendered":"<p>La direction centrale de lutte contre le terrorisme a d\u00e9mantel\u00e9 une cellule terroriste \u00e0 Sfax , active sur les r\u00e9seaux sociaux Ses membres appelaient \u00e0 combattre le r\u00e9gime et \u00e0 utiliser la conjoncture actuelle marqu\u00e9e la lutte contre le coronavirus pour sortir dans la rue et y semer le trouble. Cette intervention s\u00e9curitaire a \u00e9t\u00e9 [&hellip;]<\/p>\n","protected":false},"author":1775,"featured_media":0,"comment_status":"closed","ping_status":"closed","sticky":false,"template":"","format":"standard","meta":{"fifu_image_url":"","fifu_image_alt":"","footnotes":""},"categories":[78,55],"tags":[],"class_list":["post-84840","post","type-post","status-publish","format-standard","hentry","category-economie","category-tunisie"],"_links":{"self":[{"href":"https:\/\/linitiative.ca\/International\/wp-json\/wp\/v2\/posts\/84840","targetHints":{"allow":["GET"]}}],"collection":[{"href":"https:\/\/linitiative.ca\/International\/wp-json\/wp\/v2\/posts"}],"about":[{"href":"https:\/\/linitiative.ca\/International\/wp-json\/wp\/v2\/types\/post"}],"author":[{"embeddable":true,"href":"https:\/\/linitiative.ca\/International\/wp-json\/wp\/v2\/users\/1775"}],"replies":[{"embeddable":true,"href":"https:\/\/linitiative.ca\/International\/wp-json\/wp\/v2\/comments?post=84840"}],"version-history":[{"count":0,"href":"https:\/\/linitiative.ca\/International\/wp-json\/wp\/v2\/posts\/84840\/revisions"}],"wp:attachment":[{"href":"https:\/\/linitiative.ca\/International\/wp-json\/wp\/v2\/media?parent=84840"}],"wp:term":[{"taxonomy":"category","embeddable":true,"href":"https:\/\/linitiative.ca\/International\/wp-json\/wp\/v2\/categories?post=84840"},{"taxonomy":"post_tag","embeddable":true,"href":"https:\/\/linitiative.ca\/International\/wp-json\/wp\/v2\/tags?post=84840"}],"curies":[{"name":"wp","href":"https:\/\/api.w.org\/{rel}","templated":true}]}}