{"id":84841,"date":"2020-05-09T08:29:33","date_gmt":"2020-05-09T12:29:33","guid":{"rendered":"https:\/\/linitiative.ca\/International\/enseignement-superieur-la-securisation-de-la-rentree-universitaire-a-lexamen\/"},"modified":"2020-05-09T08:29:33","modified_gmt":"2020-05-09T12:29:33","slug":"enseignement-superieur-la-securisation-de-la-rentree-universitaire-a-lexamen","status":"publish","type":"post","link":"https:\/\/linitiative.ca\/International\/enseignement-superieur-la-securisation-de-la-rentree-universitaire-a-lexamen\/","title":{"rendered":"Enseignement sup\u00e9rieur : La s\u00e9curisation de la rentr\u00e9e universitaire \u00e0 l\u2019examen"},"content":{"rendered":"<p>Un accord de coop\u00e9ration a \u00e9t\u00e9 sign\u00e9, vendredi, entre les minist\u00e8res de la Sant\u00e9, et de l\u2019Enseignement sup\u00e9rieur et de la Recherche scientifique, portant sur les mesures \u00e0 adopter pour le parach\u00e8vement de l\u2019ann\u00e9e universitaire en cours, dans le cadre du respect des consignes de pr\u00e9vention du Coronavirus afin de pr\u00e9server la s\u00e9curit\u00e9 des \u00e9tudiants, du cadre enseignant et de tous les employ\u00e9s dans les institutions universitaires.<\/p>\n<p>L\u2019accord, qui a \u00e9t\u00e9 sign\u00e9 par le ministre de la Sant\u00e9, Abdellatif Mekki et le ministre de l\u2019Enseignement sup\u00e9rieur, Slim Choura lors d\u2019une s\u00e9ance de travail tenue au minist\u00e8re de la Sant\u00e9, pr\u00e9voit notamment, l\u2019engagement des \u00e9tablissements universitaires \u00e0 entamer des travaux de d\u2019am\u00e9nagement, la mise \u00e0 disposition des moyens de st\u00e9rilisation et de protection, outre la d\u00e9sinfection des foyers et restaurants universitaires.<\/p>\n<p>L\u2019accord stipule \u00e9galement la n\u00e9cessit\u00e9 de proc\u00e9der \u00e0 une prise de temp\u00e9rature quotidienne des \u00e9tudiants, au niveau des instituts, des facult\u00e9s et des foyers universitaires.<\/p>\n<div class=\"wp-post-author-wrap wp-post-author-shortcode left\">\n<h3 class=\"awpa-title\"\/>\n<div class=\"wp-post-author\">\n<div class=\"awpa-img awpa-author-block square\"><a href=\"http:\/\/lexpertjournal.net\/fr\/?author=5\"><img loading=\"lazy\" decoding=\"async\" alt=\"\" src=\"http:\/\/0.gravatar.com\/avatar\/97f8e10a1c1125ba104a76514ee07b16?s=150&amp;d=mm&amp;r=g\" srcset=\"http:\/\/0.gravatar.com\/avatar\/97f8e10a1c1125ba104a76514ee07b16?s=300&amp;d=mm&amp;r=g 2x\" class=\"avatar avatar-150 photo\" height=\"150\" width=\"150\"\/><\/a><\/div>\n<\/div>\n<\/div>\n<aside class=\"mashsb-container mashsb-main mashsb-stretched\">\n<\/aside>\n<p>Auteur: L&rsquo;expert<br \/>\n<a href=\"http:\/\/lexpertjournal.net\/fr\/?p=14632\">Cliquez ici pour lire l&rsquo;article depuis sa source.<\/a><\/p>\n","protected":false},"excerpt":{"rendered":"<p>Un accord de coop\u00e9ration a \u00e9t\u00e9 sign\u00e9, vendredi, entre les minist\u00e8res de la Sant\u00e9, et de l\u2019Enseignement sup\u00e9rieur et de la Recherche scientifique, portant sur les mesures \u00e0 adopter pour le parach\u00e8vement de l\u2019ann\u00e9e universitaire en cours, dans le cadre du respect des consignes de pr\u00e9vention du Coronavirus afin de pr\u00e9server la s\u00e9curit\u00e9 des \u00e9tudiants, [&hellip;]<\/p>\n","protected":false},"author":1775,"featured_media":0,"comment_status":"closed","ping_status":"closed","sticky":false,"template":"","format":"standard","meta":{"fifu_image_url":"","fifu_image_alt":"","footnotes":""},"categories":[78,55],"tags":[],"class_list":["post-84841","post","type-post","status-publish","format-standard","hentry","category-economie","category-tunisie"],"_links":{"self":[{"href":"https:\/\/linitiative.ca\/International\/wp-json\/wp\/v2\/posts\/84841","targetHints":{"allow":["GET"]}}],"collection":[{"href":"https:\/\/linitiative.ca\/International\/wp-json\/wp\/v2\/posts"}],"about":[{"href":"https:\/\/linitiative.ca\/International\/wp-json\/wp\/v2\/types\/post"}],"author":[{"embeddable":true,"href":"https:\/\/linitiative.ca\/International\/wp-json\/wp\/v2\/users\/1775"}],"replies":[{"embeddable":true,"href":"https:\/\/linitiative.ca\/International\/wp-json\/wp\/v2\/comments?post=84841"}],"version-history":[{"count":0,"href":"https:\/\/linitiative.ca\/International\/wp-json\/wp\/v2\/posts\/84841\/revisions"}],"wp:attachment":[{"href":"https:\/\/linitiative.ca\/International\/wp-json\/wp\/v2\/media?parent=84841"}],"wp:term":[{"taxonomy":"category","embeddable":true,"href":"https:\/\/linitiative.ca\/International\/wp-json\/wp\/v2\/categories?post=84841"},{"taxonomy":"post_tag","embeddable":true,"href":"https:\/\/linitiative.ca\/International\/wp-json\/wp\/v2\/tags?post=84841"}],"curies":[{"name":"wp","href":"https:\/\/api.w.org\/{rel}","templated":true}]}}