{"id":84842,"date":"2020-05-09T08:31:13","date_gmt":"2020-05-09T12:31:13","guid":{"rendered":"https:\/\/linitiative.ca\/International\/energie-appel-a-la-creation-dune-societe-de-gestion-du-champ-nawara\/"},"modified":"2020-05-09T08:31:13","modified_gmt":"2020-05-09T12:31:13","slug":"energie-appel-a-la-creation-dune-societe-de-gestion-du-champ-nawara","status":"publish","type":"post","link":"https:\/\/linitiative.ca\/International\/energie-appel-a-la-creation-dune-societe-de-gestion-du-champ-nawara\/","title":{"rendered":"Energie :  Appel \u00e0 la cr\u00e9ation d\u2019une soci\u00e9t\u00e9 de gestion du champ Nawara"},"content":{"rendered":"<p>L\u2019Union r\u00e9gionale du travail \u00e0 Tataouine a appel\u00e9, dans un communiqu\u00e9 rendu public, le minist\u00e8re de l\u2019Energie et l\u2019Entreprise tunisienne des activit\u00e9s p\u00e9troli\u00e8res (ETAP) \u00e0 fixer, au plus vite, une date pour une s\u00e9ance de travail consacr\u00e9e aux points non encore r\u00e9solus sur la gestion du champ gazier Nawara (gouvernorat de Tataouine), entr\u00e9 en service \u00e0 partir du mois de mars 2020.<\/p>\n<p>L\u2019URT de Tataouine appelle \u00e0 mettre fin \u00e0 l\u2019exploitation unilat\u00e9rale du champ Nawara par l\u2019entreprise autrichienne OMW.<\/p>\n<p>Le syndicat demande de faire participer le partenaire social aux dossiers des recrutements et des contrats de travail et aux n\u00e9gociations \u00e0 propos de l\u2019organigramme et de la grille des salaires et autres questions li\u00e9es au climat social \u00e0 Nawara, lit-on dans le m\u00eame communiqu\u00e9.<\/p>\n<p>L\u2019URT de Tataouine r\u00e9it\u00e8re le droit de la r\u00e9gion \u00e0 abriter le si\u00e8ge social de la nouvelle entreprise.<\/p>\n<div class=\"wp-post-author-wrap wp-post-author-shortcode left\">\n<h3 class=\"awpa-title\"\/>\n<div class=\"wp-post-author\">\n<div class=\"awpa-img awpa-author-block square\"><a href=\"http:\/\/lexpertjournal.net\/fr\/?author=5\"><img loading=\"lazy\" decoding=\"async\" alt=\"\" src=\"http:\/\/0.gravatar.com\/avatar\/97f8e10a1c1125ba104a76514ee07b16?s=150&amp;d=mm&amp;r=g\" srcset=\"http:\/\/0.gravatar.com\/avatar\/97f8e10a1c1125ba104a76514ee07b16?s=300&amp;d=mm&amp;r=g 2x\" class=\"avatar avatar-150 photo\" height=\"150\" width=\"150\"\/><\/a><\/div>\n<\/div>\n<\/div>\n<aside class=\"mashsb-container mashsb-main mashsb-stretched\">\n<\/aside>\n<p>Auteur: L&rsquo;expert<br \/>\n<a href=\"http:\/\/lexpertjournal.net\/fr\/?p=14635\">Cliquez ici pour lire l&rsquo;article depuis sa source.<\/a><\/p>\n","protected":false},"excerpt":{"rendered":"<p>L\u2019Union r\u00e9gionale du travail \u00e0 Tataouine a appel\u00e9, dans un communiqu\u00e9 rendu public, le minist\u00e8re de l\u2019Energie et l\u2019Entreprise tunisienne des activit\u00e9s p\u00e9troli\u00e8res (ETAP) \u00e0 fixer, au plus vite, une date pour une s\u00e9ance de travail consacr\u00e9e aux points non encore r\u00e9solus sur la gestion du champ gazier Nawara (gouvernorat de Tataouine), entr\u00e9 en service [&hellip;]<\/p>\n","protected":false},"author":1775,"featured_media":0,"comment_status":"closed","ping_status":"closed","sticky":false,"template":"","format":"standard","meta":{"fifu_image_url":"","fifu_image_alt":"","footnotes":""},"categories":[78,55],"tags":[],"class_list":["post-84842","post","type-post","status-publish","format-standard","hentry","category-economie","category-tunisie"],"_links":{"self":[{"href":"https:\/\/linitiative.ca\/International\/wp-json\/wp\/v2\/posts\/84842","targetHints":{"allow":["GET"]}}],"collection":[{"href":"https:\/\/linitiative.ca\/International\/wp-json\/wp\/v2\/posts"}],"about":[{"href":"https:\/\/linitiative.ca\/International\/wp-json\/wp\/v2\/types\/post"}],"author":[{"embeddable":true,"href":"https:\/\/linitiative.ca\/International\/wp-json\/wp\/v2\/users\/1775"}],"replies":[{"embeddable":true,"href":"https:\/\/linitiative.ca\/International\/wp-json\/wp\/v2\/comments?post=84842"}],"version-history":[{"count":0,"href":"https:\/\/linitiative.ca\/International\/wp-json\/wp\/v2\/posts\/84842\/revisions"}],"wp:attachment":[{"href":"https:\/\/linitiative.ca\/International\/wp-json\/wp\/v2\/media?parent=84842"}],"wp:term":[{"taxonomy":"category","embeddable":true,"href":"https:\/\/linitiative.ca\/International\/wp-json\/wp\/v2\/categories?post=84842"},{"taxonomy":"post_tag","embeddable":true,"href":"https:\/\/linitiative.ca\/International\/wp-json\/wp\/v2\/tags?post=84842"}],"curies":[{"name":"wp","href":"https:\/\/api.w.org\/{rel}","templated":true}]}}