{"id":84843,"date":"2020-05-09T08:33:50","date_gmt":"2020-05-09T12:33:50","guid":{"rendered":"https:\/\/linitiative.ca\/International\/lutte-contre-le-coronavirus-loim-sengage-a-soutenir-la-tunisie\/"},"modified":"2020-05-09T08:33:50","modified_gmt":"2020-05-09T12:33:50","slug":"lutte-contre-le-coronavirus-loim-sengage-a-soutenir-la-tunisie","status":"publish","type":"post","link":"https:\/\/linitiative.ca\/International\/lutte-contre-le-coronavirus-loim-sengage-a-soutenir-la-tunisie\/","title":{"rendered":"Lutte contre le coronavirus : L\u2019OIM s\u2019engage \u00e0 soutenir la Tunisie"},"content":{"rendered":"<p>L\u2019Organisation Internationale pour les Migrations (OIM) s\u2019engage \u00e0 soutenir les efforts de la Tunisie dans la lutte contre le nouveau coronavirus, a affirm\u00e9, vendredi, Samri Azouz, chef de mission de l\u2019Organisation en Tunisie, \u00e0 l\u2019issue de son entrevue avec le ministre de la Sant\u00e9, Abdellatif Mekki.<\/p>\n<p>La rencontre a donn\u00e9 lieu \u00e0 l\u2019examen des moyens d\u2019impulser les relations bilat\u00e9rales entre l\u2019organisation et le minist\u00e8re de la Sant\u00e9, dans les domaines de la sant\u00e9 et de la migration et de faire le point sur l\u2019avancement de nombreux projets et activit\u00e9s.<\/p>\n<p>Dans ce cadre, le responsable de l\u2019organisation a salu\u00e9 l\u2019approche globale adopt\u00e9e par les autorit\u00e9s tunisiennes envers des migrants, une approche qui, a-t-il dit, garantit l\u2019acc\u00e8s aux soins, en cette conjoncture, marqu\u00e9e par la propagation du nouveau coronavirus.<\/p>\n<div class=\"wp-post-author-wrap wp-post-author-shortcode left\">\n<h3 class=\"awpa-title\"\/>\n<div class=\"wp-post-author\">\n<div class=\"awpa-img awpa-author-block square\"><a href=\"http:\/\/lexpertjournal.net\/fr\/?author=5\"><img loading=\"lazy\" decoding=\"async\" alt=\"\" src=\"http:\/\/0.gravatar.com\/avatar\/97f8e10a1c1125ba104a76514ee07b16?s=150&amp;d=mm&amp;r=g\" srcset=\"http:\/\/0.gravatar.com\/avatar\/97f8e10a1c1125ba104a76514ee07b16?s=300&amp;d=mm&amp;r=g 2x\" class=\"avatar avatar-150 photo\" height=\"150\" width=\"150\"\/><\/a><\/div>\n<\/div>\n<\/div>\n<aside class=\"mashsb-container mashsb-main mashsb-stretched\">\n<\/aside>\n<p>Auteur: L&rsquo;expert<br \/>\n<a href=\"http:\/\/lexpertjournal.net\/fr\/?p=14638\">Cliquez ici pour lire l&rsquo;article depuis sa source.<\/a><\/p>\n","protected":false},"excerpt":{"rendered":"<p>L\u2019Organisation Internationale pour les Migrations (OIM) s\u2019engage \u00e0 soutenir les efforts de la Tunisie dans la lutte contre le nouveau coronavirus, a affirm\u00e9, vendredi, Samri Azouz, chef de mission de l\u2019Organisation en Tunisie, \u00e0 l\u2019issue de son entrevue avec le ministre de la Sant\u00e9, Abdellatif Mekki. La rencontre a donn\u00e9 lieu \u00e0 l\u2019examen des moyens [&hellip;]<\/p>\n","protected":false},"author":1775,"featured_media":0,"comment_status":"closed","ping_status":"closed","sticky":false,"template":"","format":"standard","meta":{"fifu_image_url":"","fifu_image_alt":"","footnotes":""},"categories":[78,55],"tags":[],"class_list":["post-84843","post","type-post","status-publish","format-standard","hentry","category-economie","category-tunisie"],"_links":{"self":[{"href":"https:\/\/linitiative.ca\/International\/wp-json\/wp\/v2\/posts\/84843","targetHints":{"allow":["GET"]}}],"collection":[{"href":"https:\/\/linitiative.ca\/International\/wp-json\/wp\/v2\/posts"}],"about":[{"href":"https:\/\/linitiative.ca\/International\/wp-json\/wp\/v2\/types\/post"}],"author":[{"embeddable":true,"href":"https:\/\/linitiative.ca\/International\/wp-json\/wp\/v2\/users\/1775"}],"replies":[{"embeddable":true,"href":"https:\/\/linitiative.ca\/International\/wp-json\/wp\/v2\/comments?post=84843"}],"version-history":[{"count":0,"href":"https:\/\/linitiative.ca\/International\/wp-json\/wp\/v2\/posts\/84843\/revisions"}],"wp:attachment":[{"href":"https:\/\/linitiative.ca\/International\/wp-json\/wp\/v2\/media?parent=84843"}],"wp:term":[{"taxonomy":"category","embeddable":true,"href":"https:\/\/linitiative.ca\/International\/wp-json\/wp\/v2\/categories?post=84843"},{"taxonomy":"post_tag","embeddable":true,"href":"https:\/\/linitiative.ca\/International\/wp-json\/wp\/v2\/tags?post=84843"}],"curies":[{"name":"wp","href":"https:\/\/api.w.org\/{rel}","templated":true}]}}