{"id":84846,"date":"2020-05-09T04:00:00","date_gmt":"2020-05-09T08:00:00","guid":{"rendered":"https:\/\/linitiative.ca\/International\/deuxieme-mise-en-demeure-pour-lespagnol-duro-felguera\/"},"modified":"2020-05-09T04:00:00","modified_gmt":"2020-05-09T08:00:00","slug":"deuxieme-mise-en-demeure-pour-lespagnol-duro-felguera","status":"publish","type":"post","link":"https:\/\/linitiative.ca\/International\/deuxieme-mise-en-demeure-pour-lespagnol-duro-felguera\/","title":{"rendered":"Deuxi\u00e8me mise en demeure pour l\u2019espagnol Duro Felguera"},"content":{"rendered":"<div id=\"originalText\" readability=\"42\">\n<p>Le constructeur\u00a0espagnol Duro Felguera vient de faire l\u2019objet d\u2019une deuxi\u00e8me mise en demeure pour la reprise des travaux et la mise en service avant fin 2021 de la centrale \u00e9lectrique de Djelfa, dont le march\u00e9 avait \u00e9t\u00e9 contract\u00e9 en 2014.\u00a0<\/p>\n<p>La mise en demeure adress\u00e9e par la Soci\u00e9t\u00e9 alg\u00e9rienne de production de l\u2019\u00e9lectricit\u00e9 pr\u00e9cise que Duro Felguera devra \u00e9galement proc\u00e9der au paiement de toutes les cr\u00e9ances des sous-traitants engag\u00e9s dans le projet et \u00e0 leur remobilisation pour\u00a0la reprise des travaux de\u00a0montage, mais aussi la\u00a0fourniture de tous les\u00a0\u00e9quipements restants,\u00a0y compris la pi\u00e8ce de\u00a0rechange.<\/p>\n<\/div>\n<div id=\"text_core\" readability=\"42\">\n<p>Le constructeur\u00a0espagnol Duro Felguera vient de faire l\u2019objet d\u2019une deuxi\u00e8me mise en demeure pour la reprise des travaux et la mise en service avant fin 2021 de la centrale \u00e9lectrique de Djelfa, dont le march\u00e9 avait \u00e9t\u00e9 contract\u00e9 en 2014.\u00a0<\/p>\n<p>La mise en demeure adress\u00e9e par la Soci\u00e9t\u00e9 alg\u00e9rienne de production de l\u2019\u00e9lectricit\u00e9 pr\u00e9cise que Duro Felguera devra \u00e9galement proc\u00e9der au paiement de toutes les cr\u00e9ances des sous-traitants engag\u00e9s dans le projet et \u00e0 leur remobilisation pour\u00a0la reprise des travaux de\u00a0montage, mais aussi la\u00a0fourniture de tous les\u00a0\u00e9quipements restants,\u00a0y compris la pi\u00e8ce de\u00a0rechange.<\/p>\n<\/div>\n<p>Auteur:<br \/>\n<a href=\"https:\/\/www.liberte-algerie.com\/radar\/deuxieme-mise-en-demeure-pour-lespagnol-duro-felguera-338386\">Cliquez ici pour lire l&rsquo;article depuis sa source.<\/a><\/p>\n","protected":false},"excerpt":{"rendered":"<p>Le constructeur\u00a0espagnol Duro Felguera vient de faire l\u2019objet d\u2019une deuxi\u00e8me mise en demeure pour la reprise des travaux et la mise en service avant fin 2021 de la centrale \u00e9lectrique de Djelfa, dont le march\u00e9 avait \u00e9t\u00e9 contract\u00e9 en 2014.\u00a0 La mise en demeure adress\u00e9e par la Soci\u00e9t\u00e9 alg\u00e9rienne de production de l\u2019\u00e9lectricit\u00e9 pr\u00e9cise que [&hellip;]<\/p>\n","protected":false},"author":1742,"featured_media":0,"comment_status":"closed","ping_status":"closed","sticky":false,"template":"","format":"standard","meta":{"fifu_image_url":"","fifu_image_alt":"","footnotes":""},"categories":[73,53],"tags":[],"class_list":["post-84846","post","type-post","status-publish","format-standard","hentry","category-actualite","category-algerie"],"_links":{"self":[{"href":"https:\/\/linitiative.ca\/International\/wp-json\/wp\/v2\/posts\/84846","targetHints":{"allow":["GET"]}}],"collection":[{"href":"https:\/\/linitiative.ca\/International\/wp-json\/wp\/v2\/posts"}],"about":[{"href":"https:\/\/linitiative.ca\/International\/wp-json\/wp\/v2\/types\/post"}],"author":[{"embeddable":true,"href":"https:\/\/linitiative.ca\/International\/wp-json\/wp\/v2\/users\/1742"}],"replies":[{"embeddable":true,"href":"https:\/\/linitiative.ca\/International\/wp-json\/wp\/v2\/comments?post=84846"}],"version-history":[{"count":0,"href":"https:\/\/linitiative.ca\/International\/wp-json\/wp\/v2\/posts\/84846\/revisions"}],"wp:attachment":[{"href":"https:\/\/linitiative.ca\/International\/wp-json\/wp\/v2\/media?parent=84846"}],"wp:term":[{"taxonomy":"category","embeddable":true,"href":"https:\/\/linitiative.ca\/International\/wp-json\/wp\/v2\/categories?post=84846"},{"taxonomy":"post_tag","embeddable":true,"href":"https:\/\/linitiative.ca\/International\/wp-json\/wp\/v2\/tags?post=84846"}],"curies":[{"name":"wp","href":"https:\/\/api.w.org\/{rel}","templated":true}]}}