{"id":84847,"date":"2020-05-09T04:00:00","date_gmt":"2020-05-09T08:00:00","guid":{"rendered":"https:\/\/linitiative.ca\/International\/un-cochon-dans-les-vestiaires-des-fennecs-pour-gagner-la-can\/"},"modified":"2020-05-09T04:00:00","modified_gmt":"2020-05-09T08:00:00","slug":"un-cochon-dans-les-vestiaires-des-fennecs-pour-gagner-la-can","status":"publish","type":"post","link":"https:\/\/linitiative.ca\/International\/un-cochon-dans-les-vestiaires-des-fennecs-pour-gagner-la-can\/","title":{"rendered":"Un cochon dans les vestiaires des Fennecs pour gagner la CAN"},"content":{"rendered":"<div id=\"originalText\" readability=\"49\">\n<p>Deux fois s\u00e9lectionneur de l\u2019\u00e9quipe nationale de football de la C\u00f4te d\u2019Ivoire (1996-98 puis 2002-2004), Robert Nouzaret est revenu sur son exp\u00e9rience en Afrique et sur les \u00e9v\u00e9nements qui l\u2019avaient marqu\u00e9.<\/p>\n<p>\u201cUn jour, ils (Ivoiriens, ndlr) avaient mis un cochon dans les vestiaires de l\u2019\u00e9quipe\u00a0d\u2019Alg\u00e9rie\u2026 Olala\u2026 Pour\u00a0 un\u00a0 match\u00a0 de\u00a0 qualification\u00a0 \u00e0\u00a0 la\u00a0 CAN. Qu\u2019on avait gagn\u00e9 d\u2019ailleurs\u201d, a r\u00e9v\u00e9l\u00e9 le coach de la C\u00f4te d\u2019Ivoire dans un entretien accord\u00e9 \u00e0 Yahoo-Sport.<\/p>\n<p>Ayant pris sa retraite \u00e0 76 ans, soit 46 ans de carri\u00e8re d\u2019entra\u00eeneur pass\u00e9s sur les bancs de clubs fran\u00e7ais et de s\u00e9lections africaines, Robert Nouzaret estime que le football africain a beaucoup \u00e9volu\u00e9 et\u00a0affirme que \u201cde plus en plus d\u2019Africains viendront entra\u00eener en Europe. C\u2019est le juste\u00a0retour des choses par rapport aux Europ\u00e9ens qui viennent en Afrique\u201d.<\/p>\n<\/div>\n<div id=\"text_core\" readability=\"49\">\n<p>Deux fois s\u00e9lectionneur de l\u2019\u00e9quipe nationale de football de la C\u00f4te d\u2019Ivoire (1996-98 puis 2002-2004), Robert Nouzaret est revenu sur son exp\u00e9rience en Afrique et sur les \u00e9v\u00e9nements qui l\u2019avaient marqu\u00e9.<\/p>\n<p>\u201cUn jour, ils (Ivoiriens, ndlr) avaient mis un cochon dans les vestiaires de l\u2019\u00e9quipe\u00a0d\u2019Alg\u00e9rie\u2026 Olala\u2026 Pour\u00a0 un\u00a0 match\u00a0 de\u00a0 qualification\u00a0 \u00e0\u00a0 la\u00a0 CAN. Qu\u2019on avait gagn\u00e9 d\u2019ailleurs\u201d, a r\u00e9v\u00e9l\u00e9 le coach de la C\u00f4te d\u2019Ivoire dans un entretien accord\u00e9 \u00e0 Yahoo-Sport.<\/p>\n<p>Ayant pris sa retraite \u00e0 76 ans, soit 46 ans de carri\u00e8re d\u2019entra\u00eeneur pass\u00e9s sur les bancs de clubs fran\u00e7ais et de s\u00e9lections africaines, Robert Nouzaret estime que le football africain a beaucoup \u00e9volu\u00e9 et\u00a0affirme que \u201cde plus en plus d\u2019Africains viendront entra\u00eener en Europe. C\u2019est le juste\u00a0retour des choses par rapport aux Europ\u00e9ens qui viennent en Afrique\u201d.<\/p>\n<\/div>\n<p>Auteur:<br \/>\n<a href=\"https:\/\/www.liberte-algerie.com\/radar\/un-cochon-dans-les-vestiaires-des-fennecs-pour-gagner-la-can-338385\">Cliquez ici pour lire l&rsquo;article depuis sa source.<\/a><\/p>\n","protected":false},"excerpt":{"rendered":"<p>Deux fois s\u00e9lectionneur de l\u2019\u00e9quipe nationale de football de la C\u00f4te d\u2019Ivoire (1996-98 puis 2002-2004), Robert Nouzaret est revenu sur son exp\u00e9rience en Afrique et sur les \u00e9v\u00e9nements qui l\u2019avaient marqu\u00e9. \u201cUn jour, ils (Ivoiriens, ndlr) avaient mis un cochon dans les vestiaires de l\u2019\u00e9quipe\u00a0d\u2019Alg\u00e9rie\u2026 Olala\u2026 Pour\u00a0 un\u00a0 match\u00a0 de\u00a0 qualification\u00a0 \u00e0\u00a0 la\u00a0 CAN. Qu\u2019on [&hellip;]<\/p>\n","protected":false},"author":1742,"featured_media":0,"comment_status":"closed","ping_status":"closed","sticky":false,"template":"","format":"standard","meta":{"fifu_image_url":"","fifu_image_alt":"","footnotes":""},"categories":[73,53],"tags":[],"class_list":["post-84847","post","type-post","status-publish","format-standard","hentry","category-actualite","category-algerie"],"_links":{"self":[{"href":"https:\/\/linitiative.ca\/International\/wp-json\/wp\/v2\/posts\/84847","targetHints":{"allow":["GET"]}}],"collection":[{"href":"https:\/\/linitiative.ca\/International\/wp-json\/wp\/v2\/posts"}],"about":[{"href":"https:\/\/linitiative.ca\/International\/wp-json\/wp\/v2\/types\/post"}],"author":[{"embeddable":true,"href":"https:\/\/linitiative.ca\/International\/wp-json\/wp\/v2\/users\/1742"}],"replies":[{"embeddable":true,"href":"https:\/\/linitiative.ca\/International\/wp-json\/wp\/v2\/comments?post=84847"}],"version-history":[{"count":0,"href":"https:\/\/linitiative.ca\/International\/wp-json\/wp\/v2\/posts\/84847\/revisions"}],"wp:attachment":[{"href":"https:\/\/linitiative.ca\/International\/wp-json\/wp\/v2\/media?parent=84847"}],"wp:term":[{"taxonomy":"category","embeddable":true,"href":"https:\/\/linitiative.ca\/International\/wp-json\/wp\/v2\/categories?post=84847"},{"taxonomy":"post_tag","embeddable":true,"href":"https:\/\/linitiative.ca\/International\/wp-json\/wp\/v2\/tags?post=84847"}],"curies":[{"name":"wp","href":"https:\/\/api.w.org\/{rel}","templated":true}]}}