{"id":84850,"date":"2020-05-09T09:43:18","date_gmt":"2020-05-09T13:43:18","guid":{"rendered":"https:\/\/linitiative.ca\/International\/une-plateforme-electronique-dediee-aux-victimes-de-violence\/"},"modified":"2020-05-09T09:43:18","modified_gmt":"2020-05-09T13:43:18","slug":"une-plateforme-electronique-dediee-aux-victimes-de-violence","status":"publish","type":"post","link":"https:\/\/linitiative.ca\/International\/une-plateforme-electronique-dediee-aux-victimes-de-violence\/","title":{"rendered":"Une plateforme \u00e9lectronique d\u00e9di\u00e9e aux victimes de violence"},"content":{"rendered":"<div readability=\"38\">\n<p>Essaouira \u2013 Le Parquet pr\u00e8s le Tribunal de premi\u00e8re instance d\u2019Essaouira a annonc\u00e9, vendredi, la mise en place d\u2019une plateforme \u00e9lectronique d\u00e9di\u00e9e \u00e0 la prise en charge des femmes et enfants victimes de violence et ce, dans le cadre des mesures pr\u00e9ventives adopt\u00e9es pour enrayer la propagation du nouveau coronavirus (Covid-19).<\/p>\n<\/div>\n<div readability=\"76\">\n<p>La mise en place de cette plateforme, accessible sur le lien (https:\/\/parquetpiessaouira.wixsite.com\/tpipgessaouira), vise \u00e0 permettre aux femmes et enfants victimes de violence de d\u00e9poser leurs plaintes via les canaux \u00e9lectroniques et de leur \u00e9viter les d\u00e9placements au Tribunal durant la p\u00e9riode de l\u2019\u00e9tat d\u2019urgence sanitaire, indique un communiqu\u00e9 du Procureur du Roi pr\u00e8s le Tribunal de premi\u00e8re instance d\u2019Essaouira, pr\u00e9sident de la commission locale pour la prise en charge des femmes et enfants victimes de violence.<\/p>\n<p>Ce dispositif \u00e9lectronique, \u00e0 travers lequel il est possible de d\u00e9poser les plaintes et de suivre leur \u00e9tat d\u2019avancement \u00e0 distance, vient s\u2019ajouter aux autres supports mis \u00e0 la disposition des usagers, afin de prendre attache avec le Parquet pour obtenir des renseignements et tous les services utiles, pr\u00e9cise le communiqu\u00e9.<\/p>\n<p>Il s\u2019agit de l\u2019adresse \u00e9lectronique (parquetpiessaouira@gmail.com) et des num\u00e9ros de t\u00e9l\u00e9phone (06.58.84.00.00) et de fax (05.24.78.43.45).<\/p>\n<p>La cr\u00e9ation de cette plateforme, qui s\u2019inscrit dans le cadre de l\u2019int\u00e9r\u00eat accord\u00e9 par la Pr\u00e9sidence du Minist\u00e8re public aux affaires de violence faite aux femmes et aux enfants durant la p\u00e9riode de l\u2019\u00e9tat d\u2019urgence sanitaire, intervient aussi en application de la circulaire \u00e9mise, \u00e0 ce sujet, par le Procureur g\u00e9n\u00e9ral du Roi pr\u00e8s la Cour de cassation, Pr\u00e9sident du Minist\u00e8re public.<\/p>\n<p>Dans cette circulaire, rappelle-t-on, le Pr\u00e9sident du Minist\u00e8re public a appel\u00e9 \u00e0 accorder l\u2019int\u00e9r\u00eat aux plaintes et d\u00e9nonciations relatives aux affaires de la violence contre les femmes et \u00e0 leur pr\u00eater l\u2019importance et la priorit\u00e9 dans le traitement, parall\u00e8lement \u00e0 l\u2019application des mesures de protection stipul\u00e9es par la loi en faveur de la femme et des conjoints en g\u00e9n\u00e9ral, selon les situations n\u00e9cessitant une protection.<\/p>\n<p>La circulaire a aussi insist\u00e9 sur la n\u00e9cessit\u00e9 de veiller \u00e0 prot\u00e9ger les int\u00e9r\u00eats des enfants, \u00e0 la lumi\u00e8re de la poursuite des mesures li\u00e9es \u00e0 l\u2019\u00e9tat d\u2019urgence sanitaire dans le Royaume, induit par la propagation de la pand\u00e9mie du Covid-19.<\/p>\n<\/div>\n<p>Auteur: Meriem IGASS<br \/>\n<a href=\"http:\/\/www.mapmarrakech.ma\/fr\/une-plateforme-electronique-dediee-aux-victimes-de-violence\/\">Cliquez ici pour lire l&rsquo;article depuis sa source.<\/a><\/p>\n","protected":false},"excerpt":{"rendered":"<p>Essaouira \u2013 Le Parquet pr\u00e8s le Tribunal de premi\u00e8re instance d\u2019Essaouira a annonc\u00e9, vendredi, la mise en place d\u2019une plateforme \u00e9lectronique d\u00e9di\u00e9e \u00e0 la prise en charge des femmes et enfants victimes de violence et ce, dans le cadre des mesures pr\u00e9ventives adopt\u00e9es pour enrayer la propagation du nouveau coronavirus (Covid-19). La mise en place [&hellip;]<\/p>\n","protected":false},"author":1788,"featured_media":0,"comment_status":"closed","ping_status":"closed","sticky":false,"template":"","format":"standard","meta":{"fifu_image_url":"","fifu_image_alt":"","footnotes":""},"categories":[54,76],"tags":[],"class_list":["post-84850","post","type-post","status-publish","format-standard","hentry","category-maroc","category-regions"],"_links":{"self":[{"href":"https:\/\/linitiative.ca\/International\/wp-json\/wp\/v2\/posts\/84850","targetHints":{"allow":["GET"]}}],"collection":[{"href":"https:\/\/linitiative.ca\/International\/wp-json\/wp\/v2\/posts"}],"about":[{"href":"https:\/\/linitiative.ca\/International\/wp-json\/wp\/v2\/types\/post"}],"author":[{"embeddable":true,"href":"https:\/\/linitiative.ca\/International\/wp-json\/wp\/v2\/users\/1788"}],"replies":[{"embeddable":true,"href":"https:\/\/linitiative.ca\/International\/wp-json\/wp\/v2\/comments?post=84850"}],"version-history":[{"count":0,"href":"https:\/\/linitiative.ca\/International\/wp-json\/wp\/v2\/posts\/84850\/revisions"}],"wp:attachment":[{"href":"https:\/\/linitiative.ca\/International\/wp-json\/wp\/v2\/media?parent=84850"}],"wp:term":[{"taxonomy":"category","embeddable":true,"href":"https:\/\/linitiative.ca\/International\/wp-json\/wp\/v2\/categories?post=84850"},{"taxonomy":"post_tag","embeddable":true,"href":"https:\/\/linitiative.ca\/International\/wp-json\/wp\/v2\/tags?post=84850"}],"curies":[{"name":"wp","href":"https:\/\/api.w.org\/{rel}","templated":true}]}}