{"id":84851,"date":"2020-05-09T09:51:11","date_gmt":"2020-05-09T13:51:11","guid":{"rendered":"https:\/\/linitiative.ca\/International\/covid-19-31-cas-nouveaux-confirmes-10-nouvelles-remissions-drs\/"},"modified":"2020-05-09T09:51:11","modified_gmt":"2020-05-09T13:51:11","slug":"covid-19-31-cas-nouveaux-confirmes-10-nouvelles-remissions-drs","status":"publish","type":"post","link":"https:\/\/linitiative.ca\/International\/covid-19-31-cas-nouveaux-confirmes-10-nouvelles-remissions-drs\/","title":{"rendered":"Covid-19: 31 cas nouveaux confirm\u00e9s, 10 nouvelles r\u00e9missions (DRS)"},"content":{"rendered":"<div readability=\"36\">\n<p>Marrakech \u2013 Un total de 31 nouveaux cas ont \u00e9t\u00e9 confirm\u00e9s dans la r\u00e9gion Marrakech-Safi, portant \u00e0 1.174 le nombre total des infections signal\u00e9es dans la r\u00e9gion depuis le d\u00e9clenchement de la pand\u00e9mie, dont 383 patients qui sont encore sous traitement.<\/p>\n<\/div>\n<div readability=\"78\">\n<p>Un nouveau bilan, \u00e9tabli samedi \u00e0 10H00, par la Direction R\u00e9gionale de la Sant\u00e9 (DRS) indique que ces cas sous traitement dans les h\u00f4pitaux de la r\u00e9gion sont r\u00e9partis entre la pr\u00e9fecture de Marrakech (328) et les provinces de Rehmana (30), d\u2019Al Haouz (15), de Chichaoua (6), d\u2019Essaouira (2), d\u2019El Kel\u00e2a des Sraghna (1, transf\u00e9r\u00e9 de Rehamna) et de Safi (1).<\/p>\n<p>La m\u00eame source rel\u00e8ve que dix nouvelles r\u00e9missions du Covid-19 ont \u00e9t\u00e9 enregistr\u00e9es, portant \u00e0 741 le nombre total des personnes d\u00e9clar\u00e9es totalement gu\u00e9ries dans la r\u00e9gion jusqu\u2019\u00e0 samedi \u00e0 10H00.<\/p>\n<p>Ainsi, neuf patients ont \u00e9t\u00e9 d\u00e9finitivement r\u00e9tablis au niveau de la pr\u00e9fecture de Marrakech et un seul dans la province de Rehamna, fait ressortir le bilan de la DRS, pr\u00e9cisant que le taux de gu\u00e9rison s\u2019\u00e9tablit \u00e0 63%.<\/p>\n<p>Ainsi, les cas totalement gu\u00e9ris sont r\u00e9partis entre la pr\u00e9fecture de Marrakech (487) et les provinces de Rehamna (200), d\u2019Al Haouz (31), de Chichaoua (17), d\u2019El Kel\u00e2a des Sraghna (4), d\u2019Essaouira (1) et de Safi (1).<\/p>\n<p>Le nombre des cas exclus apr\u00e8s des r\u00e9sultats n\u00e9gatifs d\u2019analyses effectu\u00e9es au laboratoire a atteint 5.397, alors que celui des d\u00e9c\u00e8s s\u2019\u00e9tablit \u00e0 50, selon la m\u00eame source.<\/p>\n<p>Au niveau national, 162 cas suppl\u00e9mentaires d\u2019infection au Covid-19 ont \u00e9t\u00e9 confirm\u00e9s jusqu\u2019\u00e0 samedi \u00e0 10H00, portant \u00e0 5.873 le nombre total des cas de contamination.<\/p>\n<p>Le nombre de cas gu\u00e9ris s\u2019\u00e9l\u00e8ve \u00e0 2.389 avec 65 nouvelles gu\u00e9risons, alors que le nombre de d\u00e9c\u00e8s s\u2019\u00e9tablit \u00e0 186 cas, selon les chiffres du minist\u00e8re de la Sant\u00e9.<\/p>\n<\/div>\n<p>Auteur: Meriem IGASS<br \/>\n<a href=\"http:\/\/www.mapmarrakech.ma\/fr\/covid-19-31-cas-nouveaux-confirmes-10-nouvelles-remissions-drs\/\">Cliquez ici pour lire l&rsquo;article depuis sa source.<\/a><\/p>\n","protected":false},"excerpt":{"rendered":"<p>Marrakech \u2013 Un total de 31 nouveaux cas ont \u00e9t\u00e9 confirm\u00e9s dans la r\u00e9gion Marrakech-Safi, portant \u00e0 1.174 le nombre total des infections signal\u00e9es dans la r\u00e9gion depuis le d\u00e9clenchement de la pand\u00e9mie, dont 383 patients qui sont encore sous traitement. Un nouveau bilan, \u00e9tabli samedi \u00e0 10H00, par la Direction R\u00e9gionale de la Sant\u00e9 [&hellip;]<\/p>\n","protected":false},"author":1788,"featured_media":0,"comment_status":"closed","ping_status":"closed","sticky":false,"template":"","format":"standard","meta":{"fifu_image_url":"","fifu_image_alt":"","footnotes":""},"categories":[54,76],"tags":[],"class_list":["post-84851","post","type-post","status-publish","format-standard","hentry","category-maroc","category-regions"],"_links":{"self":[{"href":"https:\/\/linitiative.ca\/International\/wp-json\/wp\/v2\/posts\/84851","targetHints":{"allow":["GET"]}}],"collection":[{"href":"https:\/\/linitiative.ca\/International\/wp-json\/wp\/v2\/posts"}],"about":[{"href":"https:\/\/linitiative.ca\/International\/wp-json\/wp\/v2\/types\/post"}],"author":[{"embeddable":true,"href":"https:\/\/linitiative.ca\/International\/wp-json\/wp\/v2\/users\/1788"}],"replies":[{"embeddable":true,"href":"https:\/\/linitiative.ca\/International\/wp-json\/wp\/v2\/comments?post=84851"}],"version-history":[{"count":0,"href":"https:\/\/linitiative.ca\/International\/wp-json\/wp\/v2\/posts\/84851\/revisions"}],"wp:attachment":[{"href":"https:\/\/linitiative.ca\/International\/wp-json\/wp\/v2\/media?parent=84851"}],"wp:term":[{"taxonomy":"category","embeddable":true,"href":"https:\/\/linitiative.ca\/International\/wp-json\/wp\/v2\/categories?post=84851"},{"taxonomy":"post_tag","embeddable":true,"href":"https:\/\/linitiative.ca\/International\/wp-json\/wp\/v2\/tags?post=84851"}],"curies":[{"name":"wp","href":"https:\/\/api.w.org\/{rel}","templated":true}]}}