{"id":84852,"date":"2020-05-09T13:47:52","date_gmt":"2020-05-09T17:47:52","guid":{"rendered":"https:\/\/linitiative.ca\/International\/coronavirus-199-nouveaux-cas-confirmes-au-maroc-5-910-au-total\/"},"modified":"2020-05-09T13:47:52","modified_gmt":"2020-05-09T17:47:52","slug":"coronavirus-199-nouveaux-cas-confirmes-au-maroc-5-910-au-total","status":"publish","type":"post","link":"https:\/\/linitiative.ca\/International\/coronavirus-199-nouveaux-cas-confirmes-au-maroc-5-910-au-total\/","title":{"rendered":"Coronavirus: 199 nouveaux cas confirm\u00e9s au Maroc, 5.910 au total"},"content":{"rendered":"<div readability=\"36\">\n<p>Cent quatre-vingt dix neuf (199) nouveaux cas d\u2019infection au coronavirus (Covid-19) ont \u00e9t\u00e9 confirm\u00e9s au Maroc pendant les derni\u00e8res 24 heures, portant \u00e0 5.910 le nombre total des cas de contamination, a annonc\u00e9 samedi le minist\u00e8re de la Sant\u00e9.<\/p>\n<\/div>\n<div readability=\"111\">\n<p>Le nombre de personnes d\u00e9clar\u00e9es gu\u00e9ries s\u2019est \u00e9lev\u00e9, jusqu\u2019\u00e0 samedi \u00e0 16H00, \u00e0 2.461 avec 137 nouvelles r\u00e9missions, a indiqu\u00e9 le directeur de l\u2019\u00e9pid\u00e9miologie et de lutte contre les maladies au minist\u00e8re de la Sant\u00e9, Mohamed El Youbi, dans une d\u00e9claration retransmise par la MAP sur sa cha\u00eene de t\u00e9l\u00e9vision M24 et sur RIM RADIO.<\/p>\n<p>Aucun nouveau d\u00e9c\u00e8s n\u2019a \u00e9t\u00e9 enregistr\u00e9 durant ces derni\u00e8res 24 heures, ce qui maintient \u00e0 186 le nombre total de d\u00e9c\u00e8s, a ajout\u00e9 M. El Youbi, faisant savoir que le taux de l\u00e9talit\u00e9 caus\u00e9 par le virus parmi le total de cas confirm\u00e9s est en constante baisse, atteignant 3,1%.<\/p>\n<p>Il a \u00e9galement relev\u00e9 que 2.989 nouveaux cas ont \u00e9t\u00e9 exclus apr\u00e8s des r\u00e9sultats n\u00e9gatifs d\u2019analyses au laboratoire, portant ainsi le nombre des cas exclus \u00e0 57.149 depuis le d\u00e9but de l\u2019\u00e9pid\u00e9mie.<\/p>\n<p>Le responsable a, dans ce sens, pr\u00e9cis\u00e9 que 82% des 199 nouveaux cas ont \u00e9t\u00e9 d\u00e9tect\u00e9s gr\u00e2ce au suivi m\u00e9dical des personnes contacts, notant que 7.019 sujets sont sous surveillance m\u00e9dicale et en quarantaine jusqu\u2019\u00e0 pr\u00e9sent.<\/p>\n<p>Evoquant le nombre de gu\u00e9rison, il a soulign\u00e9 un total de 173 nouvelles r\u00e9missions, portant le nombre des personnes gu\u00e9ries \u00e0 2.461, pr\u00e9cisant que taux de gu\u00e9rison continue d\u2019augmenter, atteignant ce samedi 41,6%.<\/p>\n<p>Par r\u00e9gions, les nouveaux cas recens\u00e9s se r\u00e9partissent, en particulier, entre F\u00e8s-Mekn\u00e8s, Marrakech-Safi, T\u00e9touan-Tanger-Al Hoceima, Rabat-Sal\u00e9-K\u00e9nitra et Casablanca-Settat, et, dans une moindre mesure, B\u00e9ni Mellal-Kh\u00e9nifra, Souss-Massa et la r\u00e9gion de l\u2019Oriental, a-t-il indiqu\u00e9, notant que les r\u00e9gions de La\u00e2youne-Sakia El Hamra et Dakhla Oued Eddahab ne comptent aucun cas.<\/p>\n<p>D\u2019un point de vue g\u00e9ographique, M. El Youbi a soulign\u00e9 que la r\u00e9gion de Casablanca-Settat comptabilise le plus grand nombre de cas confirm\u00e9s avec un taux de 27%, suivie de Marrakech-Safi, Tanger-T\u00e9touan-Al Hoceima, F\u00e8s-Mekn\u00e8s, Dr\u00e2a-Tafilalet et Rabat-Sal\u00e9-K\u00e9nitra.<\/p>\n<p>Quant \u00e0 la moyenne d\u2019\u00e2ge des personnes infect\u00e9es, elle a baiss\u00e9 pour se situer autour de 35 ans, a-t-il poursuivi, ajoutant que les hommes repr\u00e9sentent 53% et les femmes 47%.<\/p>\n<p>Le responsable a en outre fait observer que le nombre des cas pris en charge dans un \u00e9tat de sant\u00e9 avanc\u00e9 ou critique a diminu\u00e9, pour se situer \u00e0 2%, tandis que 89% des cas pris en charge pr\u00e9sentent des sympt\u00f4mes l\u00e9gers ou ne pr\u00e9sentent aucun sympt\u00f4me.<\/p>\n<p>Il a \u00e9galement affirm\u00e9 que les nouveaux cas sont toujours d\u00e9couverts dans des clusters familiaux ou professionnels.<\/p>\n<\/div>\n<p>Auteur: Meriem IGASS<br \/>\n<a href=\"http:\/\/www.mapmarrakech.ma\/fr\/coronavirus-199-nouveaux-cas-confirmes-au-maroc-5-910-au-total\/\">Cliquez ici pour lire l&rsquo;article depuis sa source.<\/a><\/p>\n","protected":false},"excerpt":{"rendered":"<p>Cent quatre-vingt dix neuf (199) nouveaux cas d\u2019infection au coronavirus (Covid-19) ont \u00e9t\u00e9 confirm\u00e9s au Maroc pendant les derni\u00e8res 24 heures, portant \u00e0 5.910 le nombre total des cas de contamination, a annonc\u00e9 samedi le minist\u00e8re de la Sant\u00e9. Le nombre de personnes d\u00e9clar\u00e9es gu\u00e9ries s\u2019est \u00e9lev\u00e9, jusqu\u2019\u00e0 samedi \u00e0 16H00, \u00e0 2.461 avec 137 [&hellip;]<\/p>\n","protected":false},"author":1788,"featured_media":0,"comment_status":"closed","ping_status":"closed","sticky":false,"template":"","format":"standard","meta":{"fifu_image_url":"","fifu_image_alt":"","footnotes":""},"categories":[54,76],"tags":[],"class_list":["post-84852","post","type-post","status-publish","format-standard","hentry","category-maroc","category-regions"],"_links":{"self":[{"href":"https:\/\/linitiative.ca\/International\/wp-json\/wp\/v2\/posts\/84852","targetHints":{"allow":["GET"]}}],"collection":[{"href":"https:\/\/linitiative.ca\/International\/wp-json\/wp\/v2\/posts"}],"about":[{"href":"https:\/\/linitiative.ca\/International\/wp-json\/wp\/v2\/types\/post"}],"author":[{"embeddable":true,"href":"https:\/\/linitiative.ca\/International\/wp-json\/wp\/v2\/users\/1788"}],"replies":[{"embeddable":true,"href":"https:\/\/linitiative.ca\/International\/wp-json\/wp\/v2\/comments?post=84852"}],"version-history":[{"count":0,"href":"https:\/\/linitiative.ca\/International\/wp-json\/wp\/v2\/posts\/84852\/revisions"}],"wp:attachment":[{"href":"https:\/\/linitiative.ca\/International\/wp-json\/wp\/v2\/media?parent=84852"}],"wp:term":[{"taxonomy":"category","embeddable":true,"href":"https:\/\/linitiative.ca\/International\/wp-json\/wp\/v2\/categories?post=84852"},{"taxonomy":"post_tag","embeddable":true,"href":"https:\/\/linitiative.ca\/International\/wp-json\/wp\/v2\/tags?post=84852"}],"curies":[{"name":"wp","href":"https:\/\/api.w.org\/{rel}","templated":true}]}}