{"id":84854,"date":"2020-05-09T14:12:27","date_gmt":"2020-05-09T18:12:27","guid":{"rendered":"https:\/\/linitiative.ca\/International\/covid-19-deux-nouveaux-cas-confirmes\/"},"modified":"2020-05-09T14:12:27","modified_gmt":"2020-05-09T18:12:27","slug":"covid-19-deux-nouveaux-cas-confirmes","status":"publish","type":"post","link":"https:\/\/linitiative.ca\/International\/covid-19-deux-nouveaux-cas-confirmes\/","title":{"rendered":"Covid-19 : Deux nouveaux cas confirm\u00e9s"},"content":{"rendered":"<div class=\"single-featured\"><img alt=\"\" data-src=\"http:\/\/www.mapmarrakech.ma\/map\/uploads\/2020\/05\/Laboratoire-de-Virologie-2.jpg\"\/><\/div>\n<div class=\"single-post-excerpt post-excerpt-bc\" readability=\"35\">\n<p>Al Haouz -Deux nouveaux cas d\u2019infection au nouveau coronavirus (Covid-19) ont \u00e9t\u00e9 confirm\u00e9s au niveau de la province d\u2019Al Haouz, a indiqu\u00e9 la direction de l\u2019h\u00f4pital provincial Mohammed VI de Tahanaout.<\/p>\n<\/div>\n<div class=\"entry-content clearfix single-post-content\" readability=\"58\">\n<p>Il s\u2019agit de deux femmes \u00e2g\u00e9es entre 21 et 38 ans qui sont des personnes-contacts d\u2019employ\u00e9s d\u2019une soci\u00e9t\u00e9 mini\u00e8re \u00e0 Al Haouz, pr\u00e9cise la m\u00eame source.<\/p>\n<p>Ces patients ne pr\u00e9sentent aucuns sympt\u00f4mes particuliers et ne souffrent d\u2019aucune complication ou maladie chronique, fait savoir la direction, notant que d\u00e8s leur admission \u00e0 l\u2019unit\u00e9 Covid-19 de l\u2019h\u00f4pital Mohammed VI de Tahanaout, les patientes ont commenc\u00e9 leur traitement conform\u00e9ment au protocole de soins adopt\u00e9 par le minist\u00e8re de la sant\u00e9.<\/p>\n<p>Les enfants de ces patientes, qui sont au nombre de cinq, ont \u00e9t\u00e9 admis dans l\u2019unit\u00e9 d\u2019isolement en attendant les r\u00e9sultats des analyses du laboratoire.<\/p>\n<p>Pour rappel, 15 patients contamin\u00e9s au Covid-19 sont pris en charge par l\u2019h\u00f4pital provincial Mohammed VI de Tahanaout, alors que 05 personnes sont en attente des r\u00e9sultats des analyses du laboratoire.<\/p>\n<p>Le nombre de personnes gu\u00e9ries ayant quitt\u00e9 l\u2019h\u00f4pital provincial Mohammed VI de Tahanaout s\u2019\u00e9l\u00e8ve, quant \u00e0 lui, \u00e0 10 cas.<\/p>\n<\/div>\n<p>Auteur: Meriem IGASS<br \/>\n<a href=\"http:\/\/www.mapmarrakech.ma\/fr\/covid-19-deux-nouveaux-cas-confirmes\/\">Cliquez ici pour lire l&rsquo;article depuis sa source.<\/a><\/p>\n","protected":false},"excerpt":{"rendered":"<p>Al Haouz -Deux nouveaux cas d\u2019infection au nouveau coronavirus (Covid-19) ont \u00e9t\u00e9 confirm\u00e9s au niveau de la province d\u2019Al Haouz, a indiqu\u00e9 la direction de l\u2019h\u00f4pital provincial Mohammed VI de Tahanaout. Il s\u2019agit de deux femmes \u00e2g\u00e9es entre 21 et 38 ans qui sont des personnes-contacts d\u2019employ\u00e9s d\u2019une soci\u00e9t\u00e9 mini\u00e8re \u00e0 Al Haouz, pr\u00e9cise la [&hellip;]<\/p>\n","protected":false},"author":1788,"featured_media":84855,"comment_status":"closed","ping_status":"closed","sticky":false,"template":"","format":"standard","meta":{"fifu_image_url":"","fifu_image_alt":"","footnotes":""},"categories":[54,76],"tags":[],"class_list":["post-84854","post","type-post","status-publish","format-standard","has-post-thumbnail","hentry","category-maroc","category-regions"],"_links":{"self":[{"href":"https:\/\/linitiative.ca\/International\/wp-json\/wp\/v2\/posts\/84854","targetHints":{"allow":["GET"]}}],"collection":[{"href":"https:\/\/linitiative.ca\/International\/wp-json\/wp\/v2\/posts"}],"about":[{"href":"https:\/\/linitiative.ca\/International\/wp-json\/wp\/v2\/types\/post"}],"author":[{"embeddable":true,"href":"https:\/\/linitiative.ca\/International\/wp-json\/wp\/v2\/users\/1788"}],"replies":[{"embeddable":true,"href":"https:\/\/linitiative.ca\/International\/wp-json\/wp\/v2\/comments?post=84854"}],"version-history":[{"count":0,"href":"https:\/\/linitiative.ca\/International\/wp-json\/wp\/v2\/posts\/84854\/revisions"}],"wp:featuredmedia":[{"embeddable":true,"href":"https:\/\/linitiative.ca\/International\/wp-json\/"}],"wp:attachment":[{"href":"https:\/\/linitiative.ca\/International\/wp-json\/wp\/v2\/media?parent=84854"}],"wp:term":[{"taxonomy":"category","embeddable":true,"href":"https:\/\/linitiative.ca\/International\/wp-json\/wp\/v2\/categories?post=84854"},{"taxonomy":"post_tag","embeddable":true,"href":"https:\/\/linitiative.ca\/International\/wp-json\/wp\/v2\/tags?post=84854"}],"curies":[{"name":"wp","href":"https:\/\/api.w.org\/{rel}","templated":true}]}}