{"id":84856,"date":"2020-05-09T06:52:08","date_gmt":"2020-05-09T10:52:08","guid":{"rendered":"https:\/\/linitiative.ca\/International\/covid-19-operation-de-desinfection-des-espaces-publics-de-la-commune-de-ghardaia\/"},"modified":"2020-05-09T06:52:08","modified_gmt":"2020-05-09T10:52:08","slug":"covid-19-operation-de-desinfection-des-espaces-publics-de-la-commune-de-ghardaia","status":"publish","type":"post","link":"https:\/\/linitiative.ca\/International\/covid-19-operation-de-desinfection-des-espaces-publics-de-la-commune-de-ghardaia\/","title":{"rendered":"Covid-19: op\u00e9ration de d\u00e9sinfection des espaces publics de la commune de Gharda\u00efa"},"content":{"rendered":"<div readability=\"34\">\n<p><strong>GHARDAIA &#8211; Une large op\u00e9ration de nettoiement et de d\u00e9sinfection des espaces publics de la commune de Gharda\u00efa a \u00e9t\u00e9 lanc\u00e9e dans la nuit de vendredi \u00e0 samedi dans le cadre des mesures pr\u00e9ventives de lutte contre la propagation du nouveau Coronavirus (Covid-19).<\/strong><\/p>\n<\/div>\n<div readability=\"84.037258347979\">\n<p>Men\u00e9e par les services de la commune en collaboration avec la protection civile, les services de s\u00e9curit\u00e9 (police, gendarmerie) les autorit\u00e9s locales, les \u00e9lus, la soci\u00e9t\u00e9 civile, cette op\u00e9ration est vivement salu\u00e9e par les habitants de la ville de Gharda\u00efa.<\/p>\n<p>Equip\u00e9es de moyens mat\u00e9riels cons\u00e9quents, des \u00e9quipes d\u2019intervention de la protection civile sp\u00e9cialis\u00e9es dans la lutte contre les risques biologiques et d\u2019\u00e9pid\u00e9mies, des \u00e9quipes de la gendarmerie ainsi que la s\u00fbret\u00e9 nationale ont ex\u00e9cut\u00e9 durant toute la soir\u00e9e le nettoiement, la d\u00e9sinfection et l\u2019aseptisation des lieux et objets susceptibles de constituer des vecteurs de propagation de la pand\u00e9mie du Coronavirus.<\/p>\n<p class=\"c30\"><img loading=\"lazy\" decoding=\"async\" src=\"\/images\/actualite-photos\/regions\/ghardaia01.jpg\" alt=\"\" width=\"400\" height=\"241\"\/><\/p>\n<blockquote readability=\"14\">\n<p><em><strong>\u00ab\u00a0Nous menons cette op\u00e9ration de d\u00e9sinfection en parfaite coordination avec l\u2019ensemble des autorit\u00e9s s\u00e9curitaires afin de laver \u00e0 grande eau et d\u00e9sinfecter les espaces publics, les voiries, les trottoirs, voire des portes, fa\u00e7ades et garages d\u2019immeubles\u00a0\u00bb, a expliqu\u00e9 \u00e0 l\u2019APS le pr\u00e9sident de l\u2019Assembl\u00e9 Populaire Communale (APC) de Gharda\u00efa, Omar Fekhar.<\/strong><\/em><\/p>\n<\/blockquote>\n<p>\u00ab\u00a0Outre la collecte des ordures qui fait partie de ses pr\u00e9rogatives, la commune est \u00e9galement mobilis\u00e9e en cette p\u00e9riode marqu\u00e9e par la pand\u00e9mie du Coronavirus, pour la d\u00e9sinfection des espaces publics pour y endiguer le risque de propagation de ce virus\u00a0\u00bb, a-t-il soulign\u00e9.<\/p>\n<p>\u00ab\u00a0Des actions de d\u00e9sinfection se multiplient \u00e0 la faveur d\u2019initiatives men\u00e9es \u00e9galement par les acteurs de la soci\u00e9t\u00e9 civile dans les diff\u00e9rents quartiers et Ksour de la commune de Gharda\u00efa\u00a0\u00bb, a ajout\u00e9 M. Fekhar, pr\u00e9cisant que la culture de st\u00e9rilisation et les comportements d\u2019hygi\u00e8ne et distanciation gagnent en importance aupr\u00e8s des citoyens, qui accordent d\u00e9sormais davantage d\u2019int\u00e9r\u00eat \u00e0 des gestes basiques (se laver les mains fr\u00e9quemment, le port de masque buccal et bavette).<\/p>\n<hr\/>\n<h3>Lire aussi:\u00a0<a href=\"http:\/\/www.aps.dz\/regions\/103847-ghardaia-vaste-operation-de-desinfection-des-structures-de-sante-de-metlili\" target=\"_blank\" rel=\"noopener noreferrer\">Gharda\u00efa: vaste op\u00e9ration de d\u00e9sinfection des structures de sant\u00e9 de M\u00e9tlili<\/a>\u00a0<\/h3>\n<hr\/>\n<p>Avec le concours des institutions \u00e9tatiques, le tissu associatif et les services de cette collectivit\u00e9, la campagne de d\u00e9sinfection compl\u00e8te de l\u2019ensemble des espaces publics et autres \u00e9tablissements est men\u00e9e de mani\u00e8re quotidienne.<\/p>\n<blockquote readability=\"9\">\n<p><em><strong>\u00ab\u00a0L\u2019objectif de cette action est de s\u00e9curiser la sant\u00e9 des citoyens tout en assurant la s\u00e9curit\u00e9, aussi bien des agents de nettoiement que les agents de s\u00e9curit\u00e9 charg\u00e9s de l\u2019application du confinement sanitaire partiel\u00a0\u00bb, a soutenu le pr\u00e9sident de l\u2019APC.<\/strong><\/em><\/p>\n<\/blockquote>\n<p>Tout en remerciant l\u2019ensemble des parties mobilis\u00e9es dans cet effort de protection de la sant\u00e9 publique, les autorit\u00e9s locales de Gharda\u00efa ont rappel\u00e9, \u00e0 cette occasion, la n\u00e9cessit\u00e9 de respecter les mesures pr\u00e9ventives prises dans le cadre du confinement sanitaire, exhortant les habitants \u00e0 rester chez eux et ne sortir qu\u2019en cas de besoin urgent.<\/p>\n<\/div>\n<p>Auteur:<br \/>\n<a href=\"http:\/\/www.aps.dz\/regions\/104843-covid-19-operation-de-desinfection-des-espaces-publics-de-la-commune-de-ghardaia\">Cliquez ici pour lire l&rsquo;article depuis sa source.<\/a><\/p>\n","protected":false},"excerpt":{"rendered":"<p>GHARDAIA &#8211; Une large op\u00e9ration de nettoiement et de d\u00e9sinfection des espaces publics de la commune de Gharda\u00efa a \u00e9t\u00e9 lanc\u00e9e dans la nuit de vendredi \u00e0 samedi dans le cadre des mesures pr\u00e9ventives de lutte contre la propagation du nouveau Coronavirus (Covid-19). Men\u00e9e par les services de la commune en collaboration avec la protection [&hellip;]<\/p>\n","protected":false},"author":1790,"featured_media":84857,"comment_status":"closed","ping_status":"closed","sticky":false,"template":"","format":"standard","meta":{"fifu_image_url":"","fifu_image_alt":"","footnotes":""},"categories":[53,76],"tags":[],"class_list":["post-84856","post","type-post","status-publish","format-standard","has-post-thumbnail","hentry","category-algerie","category-regions"],"_links":{"self":[{"href":"https:\/\/linitiative.ca\/International\/wp-json\/wp\/v2\/posts\/84856","targetHints":{"allow":["GET"]}}],"collection":[{"href":"https:\/\/linitiative.ca\/International\/wp-json\/wp\/v2\/posts"}],"about":[{"href":"https:\/\/linitiative.ca\/International\/wp-json\/wp\/v2\/types\/post"}],"author":[{"embeddable":true,"href":"https:\/\/linitiative.ca\/International\/wp-json\/wp\/v2\/users\/1790"}],"replies":[{"embeddable":true,"href":"https:\/\/linitiative.ca\/International\/wp-json\/wp\/v2\/comments?post=84856"}],"version-history":[{"count":0,"href":"https:\/\/linitiative.ca\/International\/wp-json\/wp\/v2\/posts\/84856\/revisions"}],"wp:featuredmedia":[{"embeddable":true,"href":"https:\/\/linitiative.ca\/International\/wp-json\/"}],"wp:attachment":[{"href":"https:\/\/linitiative.ca\/International\/wp-json\/wp\/v2\/media?parent=84856"}],"wp:term":[{"taxonomy":"category","embeddable":true,"href":"https:\/\/linitiative.ca\/International\/wp-json\/wp\/v2\/categories?post=84856"},{"taxonomy":"post_tag","embeddable":true,"href":"https:\/\/linitiative.ca\/International\/wp-json\/wp\/v2\/tags?post=84856"}],"curies":[{"name":"wp","href":"https:\/\/api.w.org\/{rel}","templated":true}]}}