{"id":84858,"date":"2020-05-09T10:21:43","date_gmt":"2020-05-09T14:21:43","guid":{"rendered":"https:\/\/linitiative.ca\/International\/ehu-doran-un-dispositif-pour-la-prise-en-charge-des-femmes-enceintes-atteintes-de-covid19\/"},"modified":"2020-05-09T10:21:43","modified_gmt":"2020-05-09T14:21:43","slug":"ehu-doran-un-dispositif-pour-la-prise-en-charge-des-femmes-enceintes-atteintes-de-covid19","status":"publish","type":"post","link":"https:\/\/linitiative.ca\/International\/ehu-doran-un-dispositif-pour-la-prise-en-charge-des-femmes-enceintes-atteintes-de-covid19\/","title":{"rendered":"EHU d\u2019Oran: un dispositif pour la prise en charge des femmes enceintes atteintes de covid19"},"content":{"rendered":"<div readability=\"36\">\n<p><strong>ORAN- Le service de gyn\u00e9cologie-obst\u00e9trique relevant de l\u2019EHU d\u2019Oran, a mis en place un dispositif pour la prise en charge des femmes enceintes atteintes du Covid-19, a-t-on indiqu\u00e9 samedi dans un\u00a0communiqu\u00e9 de cet \u00e9tablissement.<\/strong><\/p>\n<\/div>\n<div readability=\"67.5\">\n<p>Les patientes pr\u00e9sentant des sympt\u00f4mes du virus sont orient\u00e9es vers une aile d\u00e9di\u00e9e au covid19, a-t-on pr\u00e9cis\u00e9, soulignant que cette aile est compos\u00e9e de 5 chambres d\u2019hospitalisation, une salle op\u00e9ratoire, une salle d\u2019accouchement, ainsi qu\u2019une unit\u00e9 de consultation sp\u00e9ciale covid19.<\/p>\n<p>Les patientes qui ne pr\u00e9sentent aucun sympt\u00f4me li\u00e9s au covid19 prennent, quant \u00e0 elles, un autre parcours de soin compl\u00e8tement s\u00e9par\u00e9 et \u00e9loign\u00e9 de celui consacr\u00e9 au covid19, a-t-on not\u00e9.<\/p>\n<blockquote readability=\"12\">\n<p><em><strong>Cinq cas suspects ont \u00e9t\u00e9 admis au niveau de la maternit\u00e9 de l\u2019EHU d\u2019Oran, depuis le d\u00e9but de la pand\u00e9mie, dont deux patientes \u00e9vacu\u00e9es de Tiaret, a-t-on fait savoir, soulignant que les patientes ont b\u00e9n\u00e9fici\u00e9 des soins n\u00e9cessaires et quitt\u00e9 le service apr\u00e8s avoir \u00e9t\u00e9 test\u00e9es n\u00e9gatives.<\/strong><\/em><\/p>\n<\/blockquote>\n<p>L\u2019EHU d\u2019Oran, un des deux centres principaux d\u00e9sign\u00e9 pour la prise en charge du covid19, avec le CHU d\u2019Oran, continue \u00e0 prendre en charge les diff\u00e9rentes autres pathologies, ce qui a exig\u00e9 la mise en place d\u2019un circuit isolant, s\u00e9parant les cas affect\u00e9s et non affect\u00e9 par le covid19.<\/p>\n<p>Le service de chirurgie-obst\u00e9trique s\u2019est organis\u00e9 depuis le d\u00e9but de la\u00a0pand\u00e9mie en mettant en place un circuit sp\u00e9cifique pour les femmes pr\u00e9sentant des sympt\u00f4mes de covid19, afin d\u2019assurer \u00e0 la fois la prise en charge des sujets n\u00e9gatifs et le traitement des patientes positives, a-t-on not\u00e9.<\/p>\n<\/div>\n<p>Auteur:<br \/>\n<a href=\"http:\/\/www.aps.dz\/regions\/104854-ehu-d-oran-un-dispositif-pour-la-prise-en-charge-des-femmes-enceintes-atteintes-de-covid19\">Cliquez ici pour lire l&rsquo;article depuis sa source.<\/a><\/p>\n","protected":false},"excerpt":{"rendered":"<p>ORAN- Le service de gyn\u00e9cologie-obst\u00e9trique relevant de l\u2019EHU d\u2019Oran, a mis en place un dispositif pour la prise en charge des femmes enceintes atteintes du Covid-19, a-t-on indiqu\u00e9 samedi dans un\u00a0communiqu\u00e9 de cet \u00e9tablissement. Les patientes pr\u00e9sentant des sympt\u00f4mes du virus sont orient\u00e9es vers une aile d\u00e9di\u00e9e au covid19, a-t-on pr\u00e9cis\u00e9, soulignant que cette aile [&hellip;]<\/p>\n","protected":false},"author":1790,"featured_media":0,"comment_status":"closed","ping_status":"closed","sticky":false,"template":"","format":"standard","meta":{"fifu_image_url":"","fifu_image_alt":"","footnotes":""},"categories":[53,76],"tags":[],"class_list":["post-84858","post","type-post","status-publish","format-standard","hentry","category-algerie","category-regions"],"_links":{"self":[{"href":"https:\/\/linitiative.ca\/International\/wp-json\/wp\/v2\/posts\/84858","targetHints":{"allow":["GET"]}}],"collection":[{"href":"https:\/\/linitiative.ca\/International\/wp-json\/wp\/v2\/posts"}],"about":[{"href":"https:\/\/linitiative.ca\/International\/wp-json\/wp\/v2\/types\/post"}],"author":[{"embeddable":true,"href":"https:\/\/linitiative.ca\/International\/wp-json\/wp\/v2\/users\/1790"}],"replies":[{"embeddable":true,"href":"https:\/\/linitiative.ca\/International\/wp-json\/wp\/v2\/comments?post=84858"}],"version-history":[{"count":0,"href":"https:\/\/linitiative.ca\/International\/wp-json\/wp\/v2\/posts\/84858\/revisions"}],"wp:attachment":[{"href":"https:\/\/linitiative.ca\/International\/wp-json\/wp\/v2\/media?parent=84858"}],"wp:term":[{"taxonomy":"category","embeddable":true,"href":"https:\/\/linitiative.ca\/International\/wp-json\/wp\/v2\/categories?post=84858"},{"taxonomy":"post_tag","embeddable":true,"href":"https:\/\/linitiative.ca\/International\/wp-json\/wp\/v2\/tags?post=84858"}],"curies":[{"name":"wp","href":"https:\/\/api.w.org\/{rel}","templated":true}]}}