{"id":84870,"date":"2020-05-09T15:13:22","date_gmt":"2020-05-09T19:13:22","guid":{"rendered":"https:\/\/linitiative.ca\/International\/international-giorgio-chiellini-critique-balotelli\/"},"modified":"2020-05-09T15:13:22","modified_gmt":"2020-05-09T19:13:22","slug":"international-giorgio-chiellini-critique-balotelli","status":"publish","type":"post","link":"https:\/\/linitiative.ca\/International\/international-giorgio-chiellini-critique-balotelli\/","title":{"rendered":"International : Giorgio Chiellini critique Balotelli"},"content":{"rendered":"<div readability=\"32\">\n<p>Auteur : <span class=\"time\">samedi 09 mai 2020 14:30<\/span><\/p>\n<\/div>\n<div id=\"post_core\" readability=\"45\">\n<p>\u00a0\u00abBalotelli est une personne n\u00e9gative, sans respect pour le groupe.\u00a0Lors de la Coupe des Conf\u00e9d\u00e9rations face au Br\u00e9sil, en 2013, il ne nous a jamais donn\u00e9 le moindre coup de main, il m\u00e9ritait des claques. Quelqu&rsquo;un a dit (Mino Raiola, l&rsquo;agent de Balotelli, NDLR) qu&rsquo;il faisait partie des cinq meilleurs joueurs au monde, mais pour moi il n&rsquo;a jamais \u00e9t\u00e9 dans le Top 10 ou dans le Top 20\u00bb, a t-il expliqu\u00e9.<\/p>\n<p><strong>Publi\u00e9 dans :<\/strong> <span>Mario Balotelli<\/span> <span>Giorgio Chiellini<\/span><\/p>\n<\/div>\n<p>Auteur:<br \/>\n<a href=\"http:\/\/www.lebuteur.com\/article\/detail?titre=giorgio-chiellini-critique-balotelli&#038;id=95877&#038;utm_source=feedburner&#038;utm_medium=feed&#038;utm_campaign=Feed%3A+GalerieFArtciles+%28Les+derniers+articles++-+lebuteur.com%29\">Cliquez ici pour lire l&rsquo;article depuis sa source.<\/a><\/p>\n","protected":false},"excerpt":{"rendered":"<p>Auteur : samedi 09 mai 2020 14:30 \u00a0\u00abBalotelli est une personne n\u00e9gative, sans respect pour le groupe.\u00a0Lors de la Coupe des Conf\u00e9d\u00e9rations face au Br\u00e9sil, en 2013, il ne nous a jamais donn\u00e9 le moindre coup de main, il m\u00e9ritait des claques. Quelqu&rsquo;un a dit (Mino Raiola, l&rsquo;agent de Balotelli, NDLR) qu&rsquo;il faisait partie des [&hellip;]<\/p>\n","protected":false},"author":1738,"featured_media":84871,"comment_status":"closed","ping_status":"closed","sticky":false,"template":"","format":"standard","meta":{"fifu_image_url":"","fifu_image_alt":"","footnotes":""},"categories":[53,75],"tags":[],"class_list":["post-84870","post","type-post","status-publish","format-standard","has-post-thumbnail","hentry","category-algerie","category-sport"],"_links":{"self":[{"href":"https:\/\/linitiative.ca\/International\/wp-json\/wp\/v2\/posts\/84870","targetHints":{"allow":["GET"]}}],"collection":[{"href":"https:\/\/linitiative.ca\/International\/wp-json\/wp\/v2\/posts"}],"about":[{"href":"https:\/\/linitiative.ca\/International\/wp-json\/wp\/v2\/types\/post"}],"author":[{"embeddable":true,"href":"https:\/\/linitiative.ca\/International\/wp-json\/wp\/v2\/users\/1738"}],"replies":[{"embeddable":true,"href":"https:\/\/linitiative.ca\/International\/wp-json\/wp\/v2\/comments?post=84870"}],"version-history":[{"count":0,"href":"https:\/\/linitiative.ca\/International\/wp-json\/wp\/v2\/posts\/84870\/revisions"}],"wp:featuredmedia":[{"embeddable":true,"href":"https:\/\/linitiative.ca\/International\/wp-json\/"}],"wp:attachment":[{"href":"https:\/\/linitiative.ca\/International\/wp-json\/wp\/v2\/media?parent=84870"}],"wp:term":[{"taxonomy":"category","embeddable":true,"href":"https:\/\/linitiative.ca\/International\/wp-json\/wp\/v2\/categories?post=84870"},{"taxonomy":"post_tag","embeddable":true,"href":"https:\/\/linitiative.ca\/International\/wp-json\/wp\/v2\/tags?post=84870"}],"curies":[{"name":"wp","href":"https:\/\/api.w.org\/{rel}","templated":true}]}}