{"id":84872,"date":"2020-05-09T15:13:24","date_gmt":"2020-05-09T19:13:24","guid":{"rendered":"https:\/\/linitiative.ca\/International\/international-real-ce-detail-au-sujet-dhazard-qui-a-agreablement-surpris-zidane\/"},"modified":"2020-05-09T15:13:24","modified_gmt":"2020-05-09T19:13:24","slug":"international-real-ce-detail-au-sujet-dhazard-qui-a-agreablement-surpris-zidane","status":"publish","type":"post","link":"https:\/\/linitiative.ca\/International\/international-real-ce-detail-au-sujet-dhazard-qui-a-agreablement-surpris-zidane\/","title":{"rendered":"International : Real : Ce d\u00e9tail au sujet d&rsquo;Hazard qui a agr\u00e9ablement surpris Zidane"},"content":{"rendered":"<div readability=\"32\">\n<p>Auteur : <span class=\"time\">samedi 09 mai 2020 18:21<\/span><\/p>\n<\/div>\n<div id=\"post_core\" readability=\"49\">\n<p>Alors que les joueurs ont fait leur retour cette semaine \u00e0 Valdebebas, en attendant la reprise de l\u2019entra\u00eenement collectif pr\u00e9vue lundi prochain, l\u2019international belge est apparu avec une silhouette bien affin\u00e9e. Zinedine Zidane, qui s\u2019est entretenu avec son n\u00b010, a \u00e9t\u00e9 agr\u00e9ablement surprise, indique AS que rapporte Football.<\/p>\n<p>Visiblement, Hazard a retenu les le\u00e7ons de l\u2019\u00e9t\u00e9 dernier o\u00f9 il avait d\u00e9barqu\u00e9 \u00e0 Madrid avec six ou sept kilos en trop. Au d\u00e9but du confinement, l\u2019international belge n\u2019avait pas soign\u00e9 sa r\u00e9putation en indiquant qu\u2019il avait peur de \u00ab\u00a0trop manger\u00a0\u00bb. Ce qui n&rsquo;a finalement pas \u00e9t\u00e9 le cas au grand bonheur de Zidane.<\/p>\n<p><strong>Publi\u00e9 dans :<\/strong> <span>real madrid<\/span><\/p>\n<\/div>\n<p>Auteur:<br \/>\n<a href=\"http:\/\/www.lebuteur.com\/article\/detail?titre=real-ce-detail-au-sujet-dhazard-qui-a-agreablement-surpris-zidane&#038;id=95878&#038;utm_source=feedburner&#038;utm_medium=feed&#038;utm_campaign=Feed%3A+GalerieFArtciles+%28Les+derniers+articles++-+lebuteur.com%29\">Cliquez ici pour lire l&rsquo;article depuis sa source.<\/a><\/p>\n","protected":false},"excerpt":{"rendered":"<p>Auteur : samedi 09 mai 2020 18:21 Alors que les joueurs ont fait leur retour cette semaine \u00e0 Valdebebas, en attendant la reprise de l\u2019entra\u00eenement collectif pr\u00e9vue lundi prochain, l\u2019international belge est apparu avec une silhouette bien affin\u00e9e. Zinedine Zidane, qui s\u2019est entretenu avec son n\u00b010, a \u00e9t\u00e9 agr\u00e9ablement surprise, indique AS que rapporte Football. [&hellip;]<\/p>\n","protected":false},"author":1738,"featured_media":84873,"comment_status":"closed","ping_status":"closed","sticky":false,"template":"","format":"standard","meta":{"fifu_image_url":"","fifu_image_alt":"","footnotes":""},"categories":[53,75],"tags":[],"class_list":["post-84872","post","type-post","status-publish","format-standard","has-post-thumbnail","hentry","category-algerie","category-sport"],"_links":{"self":[{"href":"https:\/\/linitiative.ca\/International\/wp-json\/wp\/v2\/posts\/84872","targetHints":{"allow":["GET"]}}],"collection":[{"href":"https:\/\/linitiative.ca\/International\/wp-json\/wp\/v2\/posts"}],"about":[{"href":"https:\/\/linitiative.ca\/International\/wp-json\/wp\/v2\/types\/post"}],"author":[{"embeddable":true,"href":"https:\/\/linitiative.ca\/International\/wp-json\/wp\/v2\/users\/1738"}],"replies":[{"embeddable":true,"href":"https:\/\/linitiative.ca\/International\/wp-json\/wp\/v2\/comments?post=84872"}],"version-history":[{"count":0,"href":"https:\/\/linitiative.ca\/International\/wp-json\/wp\/v2\/posts\/84872\/revisions"}],"wp:featuredmedia":[{"embeddable":true,"href":"https:\/\/linitiative.ca\/International\/wp-json\/"}],"wp:attachment":[{"href":"https:\/\/linitiative.ca\/International\/wp-json\/wp\/v2\/media?parent=84872"}],"wp:term":[{"taxonomy":"category","embeddable":true,"href":"https:\/\/linitiative.ca\/International\/wp-json\/wp\/v2\/categories?post=84872"},{"taxonomy":"post_tag","embeddable":true,"href":"https:\/\/linitiative.ca\/International\/wp-json\/wp\/v2\/tags?post=84872"}],"curies":[{"name":"wp","href":"https:\/\/api.w.org\/{rel}","templated":true}]}}