{"id":84874,"date":"2020-05-09T15:13:26","date_gmt":"2020-05-09T19:13:26","guid":{"rendered":"https:\/\/linitiative.ca\/International\/pros-milan-ac-une-bonne-nouvelle-pour-bennacer-et-ses-coequipiers\/"},"modified":"2020-05-09T15:13:26","modified_gmt":"2020-05-09T19:13:26","slug":"pros-milan-ac-une-bonne-nouvelle-pour-bennacer-et-ses-coequipiers","status":"publish","type":"post","link":"https:\/\/linitiative.ca\/International\/pros-milan-ac-une-bonne-nouvelle-pour-bennacer-et-ses-coequipiers\/","title":{"rendered":"Pros : Milan AC : Une bonne nouvelle pour Bennacer et ses co\u00e9quipiers"},"content":{"rendered":"<div readability=\"32\">\n<p>Auteur : <span class=\"time\">samedi 09 mai 2020 19:23<\/span><\/p>\n<\/div>\n<div id=\"post_core\" readability=\"37\">\n<p>Le club de la Lombardie a fait savoir sur son site que les joueurs de l&rsquo;\u00e9quipe premi\u00e8re et les membres du staff technique ont tous \u00e9t\u00e9 test\u00e9s n\u00e9gatifs au coronavirus. Les Rossoneri pr\u00e9cisent que les partenaires d&rsquo;Ismael Bennacer continueront un entra\u00eenement individualis\u00e9 tout en \u00e9tant surveill\u00e9s m\u00e9dicalement comme l&rsquo;indique Topmercato. Reparti en Su\u00e8de pendant le confinement, l&rsquo;attaquant su\u00e9dois Zlatan Ibrahimovic va faire son retour \u00e0 Milan ce lundi, selon les m\u00e9dias italiens. L&rsquo;ancien Parisien sera plac\u00e9 en quarantaine et test\u00e9 avant de s&rsquo;entra\u00eener.<br \/>\u00a0<\/p>\n<p><strong>Publi\u00e9 dans :<\/strong> <span>Milan AC<\/span><\/p>\n<\/div>\n<p>Auteur:<br \/>\n<a href=\"http:\/\/www.lebuteur.com\/article\/detail?titre=milan-ac-une-bonne-nouvelle-pour-bennacer-et-ses-coequipiers&#038;id=95879&#038;utm_source=feedburner&#038;utm_medium=feed&#038;utm_campaign=Feed%3A+GalerieFArtciles+%28Les+derniers+articles++-+lebuteur.com%29\">Cliquez ici pour lire l&rsquo;article depuis sa source.<\/a><\/p>\n","protected":false},"excerpt":{"rendered":"<p>Auteur : samedi 09 mai 2020 19:23 Le club de la Lombardie a fait savoir sur son site que les joueurs de l&rsquo;\u00e9quipe premi\u00e8re et les membres du staff technique ont tous \u00e9t\u00e9 test\u00e9s n\u00e9gatifs au coronavirus. Les Rossoneri pr\u00e9cisent que les partenaires d&rsquo;Ismael Bennacer continueront un entra\u00eenement individualis\u00e9 tout en \u00e9tant surveill\u00e9s m\u00e9dicalement comme [&hellip;]<\/p>\n","protected":false},"author":1738,"featured_media":84875,"comment_status":"closed","ping_status":"closed","sticky":false,"template":"","format":"standard","meta":{"fifu_image_url":"","fifu_image_alt":"","footnotes":""},"categories":[53,75],"tags":[],"class_list":["post-84874","post","type-post","status-publish","format-standard","has-post-thumbnail","hentry","category-algerie","category-sport"],"_links":{"self":[{"href":"https:\/\/linitiative.ca\/International\/wp-json\/wp\/v2\/posts\/84874","targetHints":{"allow":["GET"]}}],"collection":[{"href":"https:\/\/linitiative.ca\/International\/wp-json\/wp\/v2\/posts"}],"about":[{"href":"https:\/\/linitiative.ca\/International\/wp-json\/wp\/v2\/types\/post"}],"author":[{"embeddable":true,"href":"https:\/\/linitiative.ca\/International\/wp-json\/wp\/v2\/users\/1738"}],"replies":[{"embeddable":true,"href":"https:\/\/linitiative.ca\/International\/wp-json\/wp\/v2\/comments?post=84874"}],"version-history":[{"count":0,"href":"https:\/\/linitiative.ca\/International\/wp-json\/wp\/v2\/posts\/84874\/revisions"}],"wp:featuredmedia":[{"embeddable":true,"href":"https:\/\/linitiative.ca\/International\/wp-json\/"}],"wp:attachment":[{"href":"https:\/\/linitiative.ca\/International\/wp-json\/wp\/v2\/media?parent=84874"}],"wp:term":[{"taxonomy":"category","embeddable":true,"href":"https:\/\/linitiative.ca\/International\/wp-json\/wp\/v2\/categories?post=84874"},{"taxonomy":"post_tag","embeddable":true,"href":"https:\/\/linitiative.ca\/International\/wp-json\/wp\/v2\/tags?post=84874"}],"curies":[{"name":"wp","href":"https:\/\/api.w.org\/{rel}","templated":true}]}}