{"id":84886,"date":"2020-05-09T14:55:00","date_gmt":"2020-05-09T18:55:00","guid":{"rendered":"https:\/\/linitiative.ca\/International\/bengrina-sexprime-sur-la-constitutionnalisation-de-tamazight\/"},"modified":"2020-05-09T14:55:00","modified_gmt":"2020-05-09T18:55:00","slug":"bengrina-sexprime-sur-la-constitutionnalisation-de-tamazight","status":"publish","type":"post","link":"https:\/\/linitiative.ca\/International\/bengrina-sexprime-sur-la-constitutionnalisation-de-tamazight\/","title":{"rendered":"Bengrina s\u2019exprime sur la constitutionnalisation de Tamazight"},"content":{"rendered":"<p><br id=\"sep_para_1\" class=\"sep_para access\"\/><\/p>\n<div id=\"para_1\" class=\"para_36876454 resize\">\n<div class=\"texte access firstletter\">Le candidat malheureux \u00e0 la pr\u00e9sidentielle du 12 d\u00e9cembre dernier et pr\u00e9sident du mouvement El Bina, Abdelkader Bengrina, a r\u00e9agi \u00e0 la constitutionnalisation de Tamazight qui \u00e9tait pr\u00e9vue dans le projet pr\u00e9liminaire de la r\u00e9vision de la Constitution. Dans un communiqu\u00e9 rendu public ce vendredi, Bengrina a pris position sur la constitutionnalisation de Tamazight. \u00ab la langue nationale officielle est une, et elle n\u2019est pas sujette \u00e0 discussion et d\u00e9bat et \u00e0 se soumettre aux groupes de pression \u00bb, a \u00e9crit Bengrina dans le communiqu\u00e9. Par ailleurs, Bengrina a indiqu\u00e9 que la mouture de l\u2019avant-projet de la Constitution renfermait \u00ab plusieurs \u00e9l\u00e9ments positifs \u00bb, appelant \u00e0 \u00ab son enrichissement jusqu\u2019\u00e0 aboutir \u00e0 une Constitution v\u00e9ritable et stable \u00bb.<\/div>\n<\/div>\n<p>Auteur: R\u00e9flexion<br \/>\n<a href=\"https:\/\/www.reflexiondz.net\/Bengrina-s-exprime-sur-la-constitutionnalisation-de-Tamazight_a62602.html\">Cliquez ici pour lire l&rsquo;article depuis sa source.<\/a><\/p>\n","protected":false},"excerpt":{"rendered":"<p>Le candidat malheureux \u00e0 la pr\u00e9sidentielle du 12 d\u00e9cembre dernier et pr\u00e9sident du mouvement El Bina, Abdelkader Bengrina, a r\u00e9agi \u00e0 la constitutionnalisation de Tamazight qui \u00e9tait pr\u00e9vue dans le projet pr\u00e9liminaire de la r\u00e9vision de la Constitution. Dans un communiqu\u00e9 rendu public ce vendredi, Bengrina a pris position sur la constitutionnalisation de Tamazight. \u00ab [&hellip;]<\/p>\n","protected":false},"author":1740,"featured_media":0,"comment_status":"closed","ping_status":"closed","sticky":false,"template":"","format":"standard","meta":{"fifu_image_url":"","fifu_image_alt":"","footnotes":""},"categories":[53,76],"tags":[],"class_list":["post-84886","post","type-post","status-publish","format-standard","hentry","category-algerie","category-regions"],"_links":{"self":[{"href":"https:\/\/linitiative.ca\/International\/wp-json\/wp\/v2\/posts\/84886","targetHints":{"allow":["GET"]}}],"collection":[{"href":"https:\/\/linitiative.ca\/International\/wp-json\/wp\/v2\/posts"}],"about":[{"href":"https:\/\/linitiative.ca\/International\/wp-json\/wp\/v2\/types\/post"}],"author":[{"embeddable":true,"href":"https:\/\/linitiative.ca\/International\/wp-json\/wp\/v2\/users\/1740"}],"replies":[{"embeddable":true,"href":"https:\/\/linitiative.ca\/International\/wp-json\/wp\/v2\/comments?post=84886"}],"version-history":[{"count":0,"href":"https:\/\/linitiative.ca\/International\/wp-json\/wp\/v2\/posts\/84886\/revisions"}],"wp:attachment":[{"href":"https:\/\/linitiative.ca\/International\/wp-json\/wp\/v2\/media?parent=84886"}],"wp:term":[{"taxonomy":"category","embeddable":true,"href":"https:\/\/linitiative.ca\/International\/wp-json\/wp\/v2\/categories?post=84886"},{"taxonomy":"post_tag","embeddable":true,"href":"https:\/\/linitiative.ca\/International\/wp-json\/wp\/v2\/tags?post=84886"}],"curies":[{"name":"wp","href":"https:\/\/api.w.org\/{rel}","templated":true}]}}