{"id":84898,"date":"2020-05-09T01:00:00","date_gmt":"2020-05-09T05:00:00","guid":{"rendered":"https:\/\/linitiative.ca\/International\/un-seul-heros-le-peuple-jme-tate\/"},"modified":"2020-05-09T01:00:00","modified_gmt":"2020-05-09T05:00:00","slug":"un-seul-heros-le-peuple-jme-tate","status":"publish","type":"post","link":"https:\/\/linitiative.ca\/International\/un-seul-heros-le-peuple-jme-tate\/","title":{"rendered":"Un seul h\u00e9ros le peuple ? J\u2019me t\u00e2te !"},"content":{"rendered":"<p class=\"c3\">&#8211; T\u2019as vu ? El-Haddaf-TV a \u00e9t\u00e9 rappel\u00e9e \u00e0 l\u2019ordre par l\u2019ARAV, l\u2019Autorit\u00e9 de r\u00e9gulation de l\u2019audiovisuel.<br \/>&#8211; Pourquoi ? Eux aussi font dans les cam\u00e9ras cach\u00e9es odieuses ?<br \/>&#8211; Plus grave ! Ils ont diffus\u00e9 une interview de Madjer dans laquelle il se d\u00e9clarait entra\u00eeneur\u2026<br \/>&#8211; ???<br \/>Les puristes de \u00ab Le peuple \u00bb montent au cr\u00e9neau !<br \/>Ils crient et temp\u00eatent contre la stigmatisation syst\u00e9matique de \u00ab Le peuple toujours toujours magnifique\u00bb. En gros, ils nous expliquent, en essuyant \u00e0<br \/>peine la bave aux commissures de leurs l\u00e8vres, qu\u2019il ne faut pas toucher au \u00ab Le peuple toujours toujours A\u00e2dhim\u00bb. S\u2019il y a des d\u00e9viances comportementales, s\u2019il y a non-respect insens\u00e9 et d\u00e9bilitant des mesures barri\u00e8res, c\u2019est la faute au syst\u00e8me, mais surtout pas, jamais, Abadan \u00e0 \u00ab Le peuple encore et toujours exempt de tout reproche\u00bb.<br \/>Comment on dit, d\u00e9j\u00e0 ? C\u2019est quoi le terme pour d\u00e9signer un tel comportement ? Ah ! Oui ! Populisme ! Quoi encore comme autres termes et qualificatifs ? Les raccourcis. Le truc facile. La martingale qui ne mange pas de pain. La d\u00e9magogie bobo, rive gauche et droite d\u2019oued El-Harrach enfin r\u00e9unies. M\u2019enfin ! Pourquoi m\u2019emp\u00eacherais-je de tirer l\u2019oreille du papa ou de la maman qui se pointe vers 13 heures, horaire de pointe du Ramadhan, devant la camionnette de pommes de terre ou d\u2019oignons, qui se serre et serre son mioche contre une flop\u00e9e d\u2019autres papas et de mamans et d\u2019enfants, qui t\u00e2te et ret\u00e2te le m\u00eame l\u00e9gume longuement, porte la tomate \u00e0 son pif d\u00e9pourvu de bavette, remplit son panier ou pas, et s\u2019en va ensuite trottiner sa b\u00eatise ailleurs, devant une autre camionnette, son enfant toujours dans son sillage mortif\u00e8re ? Oui, pourquoi ? Parce qu\u2019un jour quelqu\u2019un, dans un autre contexte, dans une autre \u00e9poque, a \u00e9crit sur un mur \u00abUn seul h\u00e9ros, le peuple \u00bb ? Ben non ! Le \u00ab Le peuple \u00bb peut \u00eatre g\u00e9nial un coup. Et dramatiquement<br \/>immature, un autre coup. Ne pas l\u2019admettre, le dire et l\u2019\u00e9crire en ce moment, surtout en ce moment, c\u2019est tout bonnement se foutre de la gueule du peuple ! Je fume du th\u00e9 et je reste \u00e9veill\u00e9, le cauchemar continue.<br \/><em><strong>H. L.<\/strong><\/em><\/p>\n<p>Auteur:<br \/>\n<a href=\"https:\/\/www.lesoirdalgerie.com\/pousse-avec-eux\/un-seul-heros-le-peuple-jme-tate-42184\">Cliquez ici pour lire l&rsquo;article depuis sa source.<\/a><\/p>\n","protected":false},"excerpt":{"rendered":"<p>&#8211; T\u2019as vu ? El-Haddaf-TV a \u00e9t\u00e9 rappel\u00e9e \u00e0 l\u2019ordre par l\u2019ARAV, l\u2019Autorit\u00e9 de r\u00e9gulation de l\u2019audiovisuel.&#8211; Pourquoi ? Eux aussi font dans les cam\u00e9ras cach\u00e9es odieuses ?&#8211; Plus grave ! Ils ont diffus\u00e9 une interview de Madjer dans laquelle il se d\u00e9clarait entra\u00eeneur\u2026&#8211; ???Les puristes de \u00ab Le peuple \u00bb montent au cr\u00e9neau !Ils [&hellip;]<\/p>\n","protected":false},"author":1741,"featured_media":0,"comment_status":"closed","ping_status":"closed","sticky":false,"template":"","format":"standard","meta":{"fifu_image_url":"","fifu_image_alt":"","footnotes":""},"categories":[73,53],"tags":[],"class_list":["post-84898","post","type-post","status-publish","format-standard","hentry","category-actualite","category-algerie"],"_links":{"self":[{"href":"https:\/\/linitiative.ca\/International\/wp-json\/wp\/v2\/posts\/84898","targetHints":{"allow":["GET"]}}],"collection":[{"href":"https:\/\/linitiative.ca\/International\/wp-json\/wp\/v2\/posts"}],"about":[{"href":"https:\/\/linitiative.ca\/International\/wp-json\/wp\/v2\/types\/post"}],"author":[{"embeddable":true,"href":"https:\/\/linitiative.ca\/International\/wp-json\/wp\/v2\/users\/1741"}],"replies":[{"embeddable":true,"href":"https:\/\/linitiative.ca\/International\/wp-json\/wp\/v2\/comments?post=84898"}],"version-history":[{"count":0,"href":"https:\/\/linitiative.ca\/International\/wp-json\/wp\/v2\/posts\/84898\/revisions"}],"wp:attachment":[{"href":"https:\/\/linitiative.ca\/International\/wp-json\/wp\/v2\/media?parent=84898"}],"wp:term":[{"taxonomy":"category","embeddable":true,"href":"https:\/\/linitiative.ca\/International\/wp-json\/wp\/v2\/categories?post=84898"},{"taxonomy":"post_tag","embeddable":true,"href":"https:\/\/linitiative.ca\/International\/wp-json\/wp\/v2\/tags?post=84898"}],"curies":[{"name":"wp","href":"https:\/\/api.w.org\/{rel}","templated":true}]}}