{"id":84909,"date":"2020-05-09T16:33:06","date_gmt":"2020-05-09T20:33:06","guid":{"rendered":"https:\/\/linitiative.ca\/International\/mall-of-sousse-annonce-le-report-de-sa-reouverture\/"},"modified":"2020-05-09T16:33:06","modified_gmt":"2020-05-09T20:33:06","slug":"mall-of-sousse-annonce-le-report-de-sa-reouverture","status":"publish","type":"post","link":"https:\/\/linitiative.ca\/International\/mall-of-sousse-annonce-le-report-de-sa-reouverture\/","title":{"rendered":"\u201cMall of Sousse\u201d annonce le report de sa r\u00e9ouverture"},"content":{"rendered":"<div class=\"post-cont-in left relative\">\n<p>En fonction de l\u2019annonce des autorit\u00e9s du programme de d\u00e9confinement en trois \u00e9tapes adopt\u00e9 en Tunisie et conform\u00e9ment au communiqu\u00e9 du ministre du Commerce en date du 1er\u00a0<span id=\"OBJ_PREFIX_DWT70_com_zimbra_date\" class=\"Object\">mai 2020<\/span>\u00a0qui a pr\u00e9vu que toutes les activit\u00e9s commerciales reprendront \u00e0 partir du 4 mai, \u00e0 l\u2019exception des magasins de pr\u00eat-\u00e0-porter et des grandes surfaces commerciales qui reprendront le 11 mai, Mall of Sousse s\u2019est pr\u00e9par\u00e9 \u00e0 rouvrir ses portes d\u00e8s\u00a0<span id=\"OBJ_PREFIX_DWT71_com_zimbra_date\" class=\"Object\">lundi<\/span>\u00a0prochain.<\/p>\n<div class=\"code-block code-block-1 c3\"><ins class=\"adsbygoogle c2\" data-ad-layout=\"in-article\" data-ad-format=\"fluid\" data-ad-client=\"ca-pub-2102118777505746\" data-ad-slot=\"7301775417\"\/> <\/div>\n<p>Mall of Sousse a, dans ce sens, \u00e9labor\u00e9 un plan de reprise dans lequel il a pris toutes les mesures pr\u00e9ventives n\u00e9cessaires et ad\u00e9quates conformes \u00e0 la politique nationale de lutte contre le Covid-19.<br \/>Pour rassurer ses clients et \u00e9viter tous les risques possibles, Mall of Sousse a d\u00e9cid\u00e9 d\u2019adopter les mesures suivantes qu\u2019il a prises en collaboration et sous le contr\u00f4le du bureau international de pr\u00e9vention Crystal international :<br \/>-Prise de temp\u00e9rature \u00e0 l\u2019entr\u00e9e pour tous les visiteurs et les employ\u00e9s;<br \/>-Port du masque obligatoire;<br \/>-Nombre de visiteurs\u00a0 limit\u00e9 \u00e0 une personne pour dix m\u00e8tres carr\u00e9s;<br \/>-Disponibilit\u00e9s des gels hydroalcooliques dans le Mall et dans les magasins;<br \/>-D\u00e9sinfection totale du Mall avant l\u2019ouverture et tous les soirs apr\u00e8s la fermeture.<\/p>\n<p>Des bus ont \u00e9t\u00e9 lou\u00e9s et mis \u00e0 la disposition de tous les employ\u00e9s travaillant dans le Mall afin de faciliter leurs d\u00e9placements et d\u2019\u00e9viter qu\u2019ils n\u2019utilisent les transports en commun.<br \/>N\u00e9anmoins et au moment o\u00f9 les pr\u00e9paratifs de la reprise touchaient \u00e0 leurs fins, grande fut la surprise d\u2019apprendre ce samedi\u00a0<span id=\"OBJ_PREFIX_DWT72_com_zimbra_date\" class=\"Object\">9 mai 2020<\/span> la d\u00e9cision des autorit\u00e9s de reporter l\u2019ouverture des Malls.<br \/>Bien que cette d\u00e9cision soit surprenante et totalement injustifi\u00e9e, surtout sur les plans sanitaire et \u00e9conomique, \u00ab Mall of Sousse \u00bb informe ses clients qu\u2019il s\u2019y conformera et reportera sa r\u00e9ouverture \u00e0 une date ult\u00e9rieure.<\/p>\n<div class=\"swp_social_panel swp_horizontal_panel swp_flat_fresh swp_default_full_color swp_individual_full_color swp_other_full_color scale-100 scale-\" data-min-width=\"1100\" data-float-color=\"#ffffff\" data-float=\"bottom\" data-float-mobile=\"bottom\" data-transition=\"slide\">\n<div class=\"nc_tweetContainer swp_share_button total_shares total_sharesalt\"><span class=\"swp_count\">12 <span class=\"swp_label\">Partages<\/span><\/span><\/div>\n<\/div>\n<p><strong>Que se passe-t-il en Tunisie?<\/strong><br \/>Nous expliquons sur notre <a href=\"https:\/\/www.youtube.com\/channel\/UCRzypVq0B_yBad5eGrwBx0Q?sub_confirmation=1\" target=\"_blank\" rel=\"noopener noreferrer\">cha\u00eene YouTube<\/a> . <a href=\"https:\/\/www.youtube.com\/channel\/UCRzypVq0B_yBad5eGrwBx0Q?sub_confirmation=1\" target=\"_blank\" rel=\"noopener noreferrer\">Abonnez-vous!<\/a><\/p>\n<div class=\"mvp-org-wrap mvp-org-logo\" itemprop=\"publisher\" itemscope=\"\" itemtype=\"https:\/\/schema.org\/Organization\"><img decoding=\"async\" src=\"https:\/\/www.tunisienumerique.com\/wp-content\/uploads\/2017\/02\/logo_tunisie_numerique.png\"\/><\/div>\n<div class=\"post-tags\"><span class=\"post-tags-header\">Sujets Connexes:<\/span><\/div>\n<div id=\"article-ad\"><ins class=\"adsbygoogle c4\" data-ad-client=\"ca-pub-2102118777505746\" data-ad-slot=\"6513972734\" data-ad-format=\"auto\" data-full-width-responsive=\"true\"\/> <\/div>\n<\/div>\n<div id=\"post-sidebar-wrap\"><ins class=\"adsbygoogle c4\" data-ad-client=\"ca-pub-2102118777505746\" data-ad-slot=\"6168283410\" data-ad-format=\"auto\" data-full-width-responsive=\"true\"\/> <\/div>\n<p>Auteur: ines tabena<br \/>\n<a href=\"https:\/\/www.tunisienumerique.com\/mall-of-sousse-annonce-le-report-de-sa-reouverture\/\">Cliquez ici pour lire l&rsquo;article depuis sa source.<\/a><\/p>\n","protected":false},"excerpt":{"rendered":"<p>En fonction de l\u2019annonce des autorit\u00e9s du programme de d\u00e9confinement en trois \u00e9tapes adopt\u00e9 en Tunisie et conform\u00e9ment au communiqu\u00e9 du ministre du Commerce en date du 1er\u00a0mai 2020\u00a0qui a pr\u00e9vu que toutes les activit\u00e9s commerciales reprendront \u00e0 partir du 4 mai, \u00e0 l\u2019exception des magasins de pr\u00eat-\u00e0-porter et des grandes surfaces commerciales qui reprendront [&hellip;]<\/p>\n","protected":false},"author":1789,"featured_media":84910,"comment_status":"closed","ping_status":"closed","sticky":false,"template":"","format":"standard","meta":{"fifu_image_url":"","fifu_image_alt":"","footnotes":""},"categories":[73,55],"tags":[],"class_list":["post-84909","post","type-post","status-publish","format-standard","has-post-thumbnail","hentry","category-actualite","category-tunisie"],"_links":{"self":[{"href":"https:\/\/linitiative.ca\/International\/wp-json\/wp\/v2\/posts\/84909","targetHints":{"allow":["GET"]}}],"collection":[{"href":"https:\/\/linitiative.ca\/International\/wp-json\/wp\/v2\/posts"}],"about":[{"href":"https:\/\/linitiative.ca\/International\/wp-json\/wp\/v2\/types\/post"}],"author":[{"embeddable":true,"href":"https:\/\/linitiative.ca\/International\/wp-json\/wp\/v2\/users\/1789"}],"replies":[{"embeddable":true,"href":"https:\/\/linitiative.ca\/International\/wp-json\/wp\/v2\/comments?post=84909"}],"version-history":[{"count":0,"href":"https:\/\/linitiative.ca\/International\/wp-json\/wp\/v2\/posts\/84909\/revisions"}],"wp:featuredmedia":[{"embeddable":true,"href":"https:\/\/linitiative.ca\/International\/wp-json\/"}],"wp:attachment":[{"href":"https:\/\/linitiative.ca\/International\/wp-json\/wp\/v2\/media?parent=84909"}],"wp:term":[{"taxonomy":"category","embeddable":true,"href":"https:\/\/linitiative.ca\/International\/wp-json\/wp\/v2\/categories?post=84909"},{"taxonomy":"post_tag","embeddable":true,"href":"https:\/\/linitiative.ca\/International\/wp-json\/wp\/v2\/tags?post=84909"}],"curies":[{"name":"wp","href":"https:\/\/api.w.org\/{rel}","templated":true}]}}