{"id":84915,"date":"2020-05-09T16:29:49","date_gmt":"2020-05-09T20:29:49","guid":{"rendered":"https:\/\/linitiative.ca\/International\/coronavirus-au-burkina-8-nouveaux-cas-4-guerisons-a-la-date-du-7-mai\/"},"modified":"2020-05-09T16:29:49","modified_gmt":"2020-05-09T20:29:49","slug":"coronavirus-au-burkina-8-nouveaux-cas-4-guerisons-a-la-date-du-7-mai","status":"publish","type":"post","link":"https:\/\/linitiative.ca\/International\/coronavirus-au-burkina-8-nouveaux-cas-4-guerisons-a-la-date-du-7-mai\/","title":{"rendered":"Coronavirus au Burkina:   8 nouveaux cas, 4 gu\u00e9risons \u00e0 la date du 7 mai"},"content":{"rendered":"<div class=\"td-post-featured-image\"><a href=\"https:\/\/www.sidwaya.info\/wp-content\/uploads\/2020\/05\/point.jpg\" data-caption=\"\"><img loading=\"lazy\" decoding=\"async\" width=\"696\" height=\"464\" class=\"entry-thumb td-modal-image\" src=\"https:\/\/www.sidwaya.info\/wp-content\/uploads\/2020\/05\/point-696x464.jpg\" srcset=\"https:\/\/www.sidwaya.info\/wp-content\/uploads\/2020\/05\/point-696x464.jpg 696w, https:\/\/www.sidwaya.info\/wp-content\/uploads\/2020\/05\/point-300x200.jpg 300w, https:\/\/www.sidwaya.info\/wp-content\/uploads\/2020\/05\/point-630x420.jpg 630w, https:\/\/www.sidwaya.info\/wp-content\/uploads\/2020\/05\/point.jpg 720w\" sizes=\"auto, (max-width: 696px) 100vw, 696px\" alt=\"\" title=\"point\"\/><\/a><\/div>\n<p><strong>La Cellule de gestion de la maladie \u00e0 coronavirus a anim\u00e9 le point de presse hebdomadaire pour faire le point de l\u2019\u00e9volution de la pand\u00e9mie au Burkina Faso, le vendredi 8 mai 2020, au Service d\u2019information du gouvernement. Outre le Coordonnateur national par int\u00e9rim, Dr Brice Bicaba, cette tribune a permis au ministre en charge de l\u2019enseignement sup\u00e9rieur, Pr Alkassoum Ma\u00efga de parler de la reprise des cours et du projet \u2018\u2019Un \u00e9tudiant, un ordinateur\u2019\u2019.<\/strong><\/p>\n<p>A la date du 7 mai 2020, le Burkina Faso a enregistr\u00e9 8 nouveaux cas confirm\u00e9s de coronavirus (3 \u00e0 Ouaga, 2 \u00e0 Bobo-Dioulasso, 1 \u00e0 Nouna, 1 \u00e0 Sebba et 1 \u00e0 Ziniar\u00e9), 4 nouvelles gu\u00e9risons portant \u00e0 566 le nombre total de personnes gu\u00e9ries et aucun d\u00e9c\u00e8s enregistr\u00e9. Ainsi, depuis le 9 mars, le pays cumule 744 cas confirm\u00e9s dont 283 femmes et 461 hommes. Les cas actifs sont 130 \u00e0 ce jour. Ce point a \u00e9t\u00e9 fait par le Coordonnateur national par int\u00e9rim de la r\u00e9ponse \u00e0 l\u2019\u00e9pid\u00e9mie de coronavirus, Dr Brice Bicaba. Il a exhort\u00e9 les populations \u00e0 toujours observer les gestes barri\u00e8res. Revenant sur les cas import\u00e9s, il a rappel\u00e9 que ces personnes sont en quarantaine et que des tests sont r\u00e9alis\u00e9s afin de juguler la propagation du virus. Sur cet aspect pr\u00e9cis, des informations font \u00e9tat d\u2019une femme qui a r\u00e9ussi \u00e0 s\u2019\u00e9chapper d\u2019un centre de confinement. Dr Brice Bicaba a rassur\u00e9 que les investigations ont permis de localiser la dame. Il a fait comprendre que tout sera mis en \u0153uvre pour la ramener dans le centre de confinement.<\/p>\n<p>A la suite du Coordonnateur national par int\u00e9rim, c\u2019est le ministre en charge de l\u2019enseignement sup\u00e9rieur, Pr Alkassoum Ma\u00efga qui s\u2019est adress\u00e9 aux journalistes. Il a parl\u00e9 de la reprise des cours dans les universit\u00e9s et instituts sup\u00e9rieurs et le programme <em>\u2018\u2019Un \u00e9tudiant, un ordinateur\u2019\u2019<\/em>.<\/p>\n<div class=\"td-a-rec td-a-rec-id-content_inline tdi_30_2cc td_block_template_1\"><img loading=\"lazy\" decoding=\"async\" class=\"aligncenter size-full wp-image-21314\" src=\"https:\/\/www.sidwaya.info\/wp-content\/uploads\/2020\/04\/Bandeau-Covid-19-Sidwaya-1.jpg\" alt=\"\" width=\"790\" height=\"98\"\/><\/div>\n<p>A propos du premier point, le ministre a expliqu\u00e9 que les cours vont d\u00e9marrer le 11 mai comme pr\u00e9vu. Toutefois il a pr\u00e9cis\u00e9 que pour un d\u00e9but et vu l\u2019\u00e9volution de la pand\u00e9mie, ce sont les petits effectifs qui vont commencer. Il a cit\u00e9 les \u00e9tudiants en licence professionnelle et masters. Car de son avis, dans ces options, l\u2019effectif des \u00e9tudiants est compris en 20 et 50. <em>\u00ab\u00a0La reprise des activit\u00e9s acad\u00e9miques se fera de mani\u00e8re progressive avec les effectifs r\u00e9duits, c\u2019est-\u00e0-dire les licences, les masters et les fili\u00e8res de sp\u00e9cialisation. Les facult\u00e9s concern\u00e9es doivent respecter les mesures barri\u00e8res\u00a0\u00bb<\/em>, a-t-il soutenu. Le ministre en charge de l\u2019enseignement sup\u00e9rieur a confi\u00e9 qu\u2019entre lundi et mardi prochain, 15\u00a0000 \u00e0 20\u00a0000 masques de protection ou de cache-nez seront mis \u00e0 la disposition des \u00e9tudiants. Devant chaque salle de classe et amphi, des lave-mains et des gel-hydro-alcooliques seront disponibles, a assur\u00e9 Pr Alkassoum Ma\u00efga.<\/p>\n<p>Pour ce concerne le programme \u2018\u2019Un \u00e9tudiant, un ordinateur\u2019\u2019, il a soulign\u00e9 que c\u2019\u00e9tait une promesse de campagne du Pr\u00e9sident Roch Marc Christian Kabor\u00e9. Et voir un tel projet se concr\u00e9tiser quel que soit la p\u00e9riode est \u00e0 saluer. Pour lui, c\u2019est une occasion que les \u00e9tudiants doivent saisir pour s\u2019offrir un ordinateur puisque l\u2019Etat supporte les 60% et les reste, \u00e0 la charge de l\u2019\u00e9tudiant. <em>\u00ab\u00a0Les \u00e9tudiants int\u00e9ress\u00e9s pourront se manifester sur la plateforme campus Faso et choisir un prestataire parmi trois propos\u00e9s. Pour s\u2019acquitter des 40%, l\u2019\u00e9tudiant peut souscrire un pr\u00eat aupr\u00e8s du FONER ou d\u2019une banque de la place. Les \u00e9tudiants boursiers pourront s\u2019acquitter avec leur bourse\u00a0\u00bb<\/em>, a dit Pr Ma\u00efga. Avant d\u2019ajouter que l\u2019op\u00e9ration sera financ\u00e9e par la Banque mondiale \u00e0 hauteur de 2 milliards F CFA.<\/p>\n<p><strong>Gaspard BAYALA<\/strong><\/p>\n<div class=\"td-a-rec td-a-rec-id-content_bottom tdi_31_8ce td_block_template_1\"><img loading=\"lazy\" decoding=\"async\" class=\"aligncenter size-full wp-image-9623\" src=\"https:\/\/www.sidwaya.info\/wp-content\/uploads\/2019\/06\/Projet-bannie\u0300re-Orange-mobile.jpg\" alt=\"\" width=\"728\" height=\"81\"\/><\/div>\n<p>Auteur: BS. Sidwaya<br \/>\n<a href=\"https:\/\/www.sidwaya.info\/blog\/2020\/05\/09\/coronavirus-au-burkina-8-nouveaux-cas-4-guerisons-a-la-date-du-7-mai\/\">Cliquez ici pour lire l&rsquo;article depuis sa source.<\/a><\/p>\n","protected":false},"excerpt":{"rendered":"<p>La Cellule de gestion de la maladie \u00e0 coronavirus a anim\u00e9 le point de presse hebdomadaire pour faire le point de l\u2019\u00e9volution de la pand\u00e9mie au Burkina Faso, le vendredi 8 mai 2020, au Service d\u2019information du gouvernement. Outre le Coordonnateur national par int\u00e9rim, Dr Brice Bicaba, cette tribune a permis au ministre en charge [&hellip;]<\/p>\n","protected":false},"author":1816,"featured_media":84916,"comment_status":"closed","ping_status":"closed","sticky":false,"template":"","format":"standard","meta":{"fifu_image_url":"","fifu_image_alt":"","footnotes":""},"categories":[73,81],"tags":[],"class_list":["post-84915","post","type-post","status-publish","format-standard","has-post-thumbnail","hentry","category-actualite","category-burkina-faso"],"_links":{"self":[{"href":"https:\/\/linitiative.ca\/International\/wp-json\/wp\/v2\/posts\/84915","targetHints":{"allow":["GET"]}}],"collection":[{"href":"https:\/\/linitiative.ca\/International\/wp-json\/wp\/v2\/posts"}],"about":[{"href":"https:\/\/linitiative.ca\/International\/wp-json\/wp\/v2\/types\/post"}],"author":[{"embeddable":true,"href":"https:\/\/linitiative.ca\/International\/wp-json\/wp\/v2\/users\/1816"}],"replies":[{"embeddable":true,"href":"https:\/\/linitiative.ca\/International\/wp-json\/wp\/v2\/comments?post=84915"}],"version-history":[{"count":0,"href":"https:\/\/linitiative.ca\/International\/wp-json\/wp\/v2\/posts\/84915\/revisions"}],"wp:featuredmedia":[{"embeddable":true,"href":"https:\/\/linitiative.ca\/International\/wp-json\/"}],"wp:attachment":[{"href":"https:\/\/linitiative.ca\/International\/wp-json\/wp\/v2\/media?parent=84915"}],"wp:term":[{"taxonomy":"category","embeddable":true,"href":"https:\/\/linitiative.ca\/International\/wp-json\/wp\/v2\/categories?post=84915"},{"taxonomy":"post_tag","embeddable":true,"href":"https:\/\/linitiative.ca\/International\/wp-json\/wp\/v2\/tags?post=84915"}],"curies":[{"name":"wp","href":"https:\/\/api.w.org\/{rel}","templated":true}]}}