{"id":84918,"date":"2020-05-09T15:18:02","date_gmt":"2020-05-09T19:18:02","guid":{"rendered":"https:\/\/linitiative.ca\/International\/cote-divoire-reprise-progressive-de-lecole-a-linterieur-du-pays-a-partir-du-18-mai-prochain-ministre\/"},"modified":"2020-05-09T15:18:02","modified_gmt":"2020-05-09T19:18:02","slug":"cote-divoire-reprise-progressive-de-lecole-a-linterieur-du-pays-a-partir-du-18-mai-prochain-ministre","status":"publish","type":"post","link":"https:\/\/linitiative.ca\/International\/cote-divoire-reprise-progressive-de-lecole-a-linterieur-du-pays-a-partir-du-18-mai-prochain-ministre\/","title":{"rendered":"C\u00f4te d\u2019Ivoire: reprise progressive de l\u2019\u00e9cole \u00e0 l\u2019int\u00e9rieur du pays \u00e0 partir du 18 mai prochain (Ministre)"},"content":{"rendered":"<div readability=\"32\">\n<p>Publi\u00e9 le 09.05.2020 \u00e0 20h18 par APA News<\/p>\n<\/div>\n<div readability=\"88\">\n<p>Les cours reprendront progressivement dans les \u00e9tablissements primaires et secondaires de l\u2019enseignement g\u00e9n\u00e9ral et technique de l\u2019int\u00e9rieur de la C\u00f4te d\u2019Ivoire \u00e0 partir du 18 mai prochain avec un r\u00e9am\u00e9nagement du calendrier scolaire jusqu\u2019au 14 ao\u00fbt prochain, a annonc\u00e9 samedi Kandia Camara, la ministre ivoirienne de l\u2019\u00e9ducation nationale, de l\u2019enseignement technique et de la formation professionnelle.\u00a0Cette d\u00e9cision intervient apr\u00e8s les mesures d\u2019all\u00e8gement des restrictions li\u00e9es \u00e0 la maladie \u00e0 Coronavirus \u00e0 l\u2019int\u00e9rieur du pays annonc\u00e9es jeudi dernier par le pr\u00e9sident ivoirien Alassane Ouattara.<\/p>\n<p>\u00ab Au niveau de l\u2019enseignement primaire, le d\u00e9marrage effectif des cours dans les \u00e9coles primaires publiques et priv\u00e9es sur toute l\u2019\u00e9tendue du territoire national \u00e0 partir du lundi du 18 mai 2020 \u00e0 l\u2019exception des directions r\u00e9gionales d\u2019Abidjan, de Dabou, d\u2019Aboisso et de Grand-Bassam. \u00a0Au titre de l\u2019enseignement g\u00e9n\u00e9ral et technique, dans les \u00e9tablissements \u00e0 faibles effectifs, les cours reprennent normalement d\u00e8s le 18 mai 2020\u00bb, a fait savoir Mme Camara \u00e0 la conf\u00e9rence de presse du gouvernement sur la situation du Covid-19.<\/p>\n<p>Dans les \u00e9tablissements secondaires \u00e0 gros effectif, \u00a0a cependant pr\u00e9cis\u00e9 la ministre, l\u2019option d\u2019une rentr\u00e9e progressive est prise en commen\u00e7ant par les classes d\u2019examen.<\/p>\n<p>Il s\u2019agit notamment de \u00abla r\u00e9partition spatiale des \u00e9l\u00e8ves dans les salles de classe en tenant compte des mesures et gestes barri\u00e8res. L\u2019observation m\u00e9thodique de cette option sur une p\u00e9riode de deux semaines avant d\u2019envisager la rentr\u00e9e des classes interm\u00e9diaires\u00bb.<\/p>\n<p>\u00a0S\u2019agissant de l\u2019enseignement pr\u00e9scolaire, la premi\u00e8re responsable de l\u2019\u00e9ducation nationale en C\u00f4te d\u2019Ivoire, a annonc\u00e9 la mise en vacances des \u00e9l\u00e8ves de la maternelle \u00ab dont le programme \u00e9tait presque achev\u00e9\u00bb lorsque la fermeture des \u00e9coles est intervenue.<\/p>\n<p>Au nombre des mesures prises par son d\u00e9partement minist\u00e9riel, Mme Camara a \u00e9galement annonc\u00e9 l\u2019organisation du concours d\u2019entr\u00e9e dans les Centres d\u2019animation et de formation p\u00e9dagogique (CAFOP) \u00ab dans les meilleurs d\u00e9lais \u00bb et l\u2019ouverture de ces institutions de formation des enseignants sauf celles d\u2019Abidjan, de Dabou, de Bassam et d\u2019Aboisso.<\/p>\n<p>\u00ab Le calendrier g\u00e9n\u00e9ral des examens \u00e0 grand tirage et les op\u00e9rations d\u2019affectation en sixi\u00e8me et d\u2019orientation en seconde fera l\u2019objet d\u2019un am\u00e9nagement d\u00e8s la semaine prochaine \u00bb, a-t-elle en outre, soulign\u00e9 pr\u00e9cisant que le calendrier scolaire est lui-aussi r\u00e9am\u00e9nag\u00e9 du 18 mai au 14 ao\u00fbt 2020.<\/p>\n<p>\u00a0Jeudi dernier, le pr\u00e9sident ivoirien Alassane Ouattara a annonc\u00e9 l\u2019all\u00e8gement des restrictions li\u00e9es \u00e0 la maladie \u00e0 Covid-19 \u00e0 l\u2019int\u00e9rieur du pays dont la r\u00e9ouverture des \u00e9coles. C\u2019est depuis le 16 mars dernier \u00a0que les autorit\u00e9s ivoiriennes ont d\u00e9cid\u00e9 de fermer les \u00e9tablissements pr\u00e9scolaires, primaires, secondaires et sup\u00e9rieurs pour lutter contre la propagation du Covid-19 dans le pays. A la date du 08 mai 2020, la C\u00f4te d\u2019Ivoire a enregistr\u00e9 1602 cas de maladie \u00e0 Covid-19 dont 754 gu\u00e9ris et 20 \u00a0d\u00e9c\u00e8s.<\/p>\n<\/div>\n<p>Auteur: APA News<br \/>\n<a href=\"https:\/\/www.journalducameroun.com\/cote-divoire-reprise-progressive-de-lecole-a-linterieur-du-pays-a-partir-du-18-mai-prochain-ministre\/\">Cliquez ici pour lire l&rsquo;article depuis sa source.<\/a><\/p>\n","protected":false},"excerpt":{"rendered":"<p>Publi\u00e9 le 09.05.2020 \u00e0 20h18 par APA News Les cours reprendront progressivement dans les \u00e9tablissements primaires et secondaires de l\u2019enseignement g\u00e9n\u00e9ral et technique de l\u2019int\u00e9rieur de la C\u00f4te d\u2019Ivoire \u00e0 partir du 18 mai prochain avec un r\u00e9am\u00e9nagement du calendrier scolaire jusqu\u2019au 14 ao\u00fbt prochain, a annonc\u00e9 samedi Kandia Camara, la ministre ivoirienne de l\u2019\u00e9ducation [&hellip;]<\/p>\n","protected":false},"author":1965,"featured_media":0,"comment_status":"closed","ping_status":"closed","sticky":false,"template":"","format":"standard","meta":{"fifu_image_url":"","fifu_image_alt":"","footnotes":""},"categories":[73,82],"tags":[],"class_list":["post-84918","post","type-post","status-publish","format-standard","hentry","category-actualite","category-cameroun"],"_links":{"self":[{"href":"https:\/\/linitiative.ca\/International\/wp-json\/wp\/v2\/posts\/84918","targetHints":{"allow":["GET"]}}],"collection":[{"href":"https:\/\/linitiative.ca\/International\/wp-json\/wp\/v2\/posts"}],"about":[{"href":"https:\/\/linitiative.ca\/International\/wp-json\/wp\/v2\/types\/post"}],"author":[{"embeddable":true,"href":"https:\/\/linitiative.ca\/International\/wp-json\/wp\/v2\/users\/1965"}],"replies":[{"embeddable":true,"href":"https:\/\/linitiative.ca\/International\/wp-json\/wp\/v2\/comments?post=84918"}],"version-history":[{"count":0,"href":"https:\/\/linitiative.ca\/International\/wp-json\/wp\/v2\/posts\/84918\/revisions"}],"wp:attachment":[{"href":"https:\/\/linitiative.ca\/International\/wp-json\/wp\/v2\/media?parent=84918"}],"wp:term":[{"taxonomy":"category","embeddable":true,"href":"https:\/\/linitiative.ca\/International\/wp-json\/wp\/v2\/categories?post=84918"},{"taxonomy":"post_tag","embeddable":true,"href":"https:\/\/linitiative.ca\/International\/wp-json\/wp\/v2\/tags?post=84918"}],"curies":[{"name":"wp","href":"https:\/\/api.w.org\/{rel}","templated":true}]}}